{"id":14022,"date":"2026-04-29T12:14:08","date_gmt":"2026-04-29T10:14:08","guid":{"rendered":"https:\/\/www.discountetqualite.fr\/blog\/?p=14022"},"modified":"2026-04-21T12:14:28","modified_gmt":"2026-04-21T10:14:28","slug":"calculer-puissance-climatiseur","status":"publish","type":"post","link":"https:\/\/www.discountetqualite.fr\/blog\/nos-conseils\/calculer-puissance-climatiseur\/","title":{"rendered":"Comment calculer la puissance d\u2019un climatiseur ?"},"content":{"rendered":"\n<p>Vous craignez de voir votre facture d&rsquo;\u00e9lectricit\u00e9 exploser cet \u00e9t\u00e9 \u00e0 cause d&rsquo;une climatisation mal adapt\u00e9e ? Savoir comment <strong>calculer la puissance d\u2019un climatiseur<\/strong> est la premi\u00e8re \u00e9tape indispensable avant tout achat. Que vous soyez perdu entre les BTU et les kW, ou que vous cherchiez simplement la correspondance exacte pour une pi\u00e8ce de 40 m\u00b2 ou 100 m\u00b2, le dimensionnement ne s&rsquo;improvise pas.<\/p><div id=\"ez-toc-container\" class=\"ez-toc-v2_0_82_2 counter-hierarchy ez-toc-counter ez-toc-grey ez-toc-container-direction\">\n<div class=\"ez-toc-title-container\">\n<p class=\"ez-toc-title\" style=\"cursor:inherit\">Table des mati\u00e8res<\/p>\n<span class=\"ez-toc-title-toggle\"><a href=\"#\" class=\"ez-toc-pull-right ez-toc-btn ez-toc-btn-xs ez-toc-btn-default ez-toc-toggle\" aria-label=\"Toggle Table of Content\"><span class=\"ez-toc-js-icon-con\"><span class=\"\"><span class=\"eztoc-hide\" style=\"display:none;\">Toggle<\/span><span class=\"ez-toc-icon-toggle-span\"><svg style=\"fill: #999;color:#999\" xmlns=\"http:\/\/www.w3.org\/2000\/svg\" class=\"list-377408\" width=\"20px\" height=\"20px\" viewBox=\"0 0 24 24\" fill=\"none\"><path d=\"M6 6H4v2h2V6zm14 0H8v2h12V6zM4 11h2v2H4v-2zm16 0H8v2h12v-2zM4 16h2v2H4v-2zm16 0H8v2h12v-2z\" fill=\"currentColor\"><\/path><\/svg><svg style=\"fill: #999;color:#999\" class=\"arrow-unsorted-368013\" xmlns=\"http:\/\/www.w3.org\/2000\/svg\" width=\"10px\" height=\"10px\" viewBox=\"0 0 24 24\" version=\"1.2\" baseProfile=\"tiny\"><path d=\"M18.2 9.3l-6.2-6.3-6.2 6.3c-.2.2-.3.4-.3.7s.1.5.3.7c.2.2.4.3.7.3h11c.3 0 .5-.1.7-.3.2-.2.3-.5.3-.7s-.1-.5-.3-.7zM5.8 14.7l6.2 6.3 6.2-6.3c.2-.2.3-.5.3-.7s-.1-.5-.3-.7c-.2-.2-.4-.3-.7-.3h-11c-.3 0-.5.1-.7.3-.2.2-.3.5-.3.7s.1.5.3.7z\"\/><\/svg><\/span><\/span><\/span><\/a><\/span><\/div>\n<nav><ul class='ez-toc-list ez-toc-list-level-1 ' ><li class='ez-toc-page-1 ez-toc-heading-level-2'><a class=\"ez-toc-link ez-toc-heading-1\" href=\"https:\/\/www.discountetqualite.fr\/blog\/nos-conseils\/calculer-puissance-climatiseur\/#Pourquoi_est-il_crucial_de_bien_dimensionner_sa_climatisation\" >Pourquoi est-il crucial de bien dimensionner sa climatisation ?<\/a><\/li><li class='ez-toc-page-1 ez-toc-heading-level-2'><a class=\"ez-toc-link ez-toc-heading-2\" href=\"https:\/\/www.discountetqualite.fr\/blog\/nos-conseils\/calculer-puissance-climatiseur\/#Les_2_methodes_pour_calculer_la_puissance_de_sa_clim\" >Les 2 m\u00e9thodes pour calculer la puissance de sa clim<\/a><\/li><li class='ez-toc-page-1 ez-toc-heading-level-2'><a class=\"ez-toc-link ez-toc-heading-3\" href=\"https:\/\/www.discountetqualite.fr\/blog\/nos-conseils\/calculer-puissance-climatiseur\/#BTU_et_kW_comprendre_et_convertir_les_unites\" >BTU et kW : comprendre et convertir les unit\u00e9s<\/a><\/li><li class='ez-toc-page-1 ez-toc-heading-level-2'><a class=\"ez-toc-link ez-toc-heading-4\" href=\"https:\/\/www.discountetqualite.fr\/blog\/nos-conseils\/calculer-puissance-climatiseur\/#Les_4_criteres_qui_modifient_le_calcul_de_votre_puissance\" >Les 4 crit\u00e8res qui modifient le calcul de votre puissance<\/a><\/li><li class='ez-toc-page-1 ez-toc-heading-level-2'><a class=\"ez-toc-link ez-toc-heading-5\" href=\"https:\/\/www.discountetqualite.fr\/blog\/nos-conseils\/calculer-puissance-climatiseur\/#FAQ_de_vos_questions_frequentes_sur_le_calcul_de_puissance_dun_climatiseur\" >FAQ de vos questions fr\u00e9quentes sur le calcul de puissance d&rsquo;un climatiseur<\/a><\/li><\/ul><\/nav><\/div>\n\n\n\n\n<p>D\u00e9couvrez nos formules simples, notre tableau de conversion imm\u00e9diat et les crit\u00e8res indispensables pour r\u00e9ussir votre bilan thermique sans tomber dans le <strong>pi\u00e8ge des climatiseurs surdimensionn\u00e9s.<\/strong><\/p>\n\n\n\n<figure class=\"wp-block-image size-large\"><img loading=\"lazy\" decoding=\"async\" width=\"1024\" height=\"768\" src=\"https:\/\/www.discountetqualite.fr\/blog\/wp-content\/uploads\/2026\/04\/calculer-puissance-climatiseur-1024x768.jpg\" alt=\"\" class=\"wp-image-14033\" srcset=\"https:\/\/www.discountetqualite.fr\/blog\/wp-content\/uploads\/2026\/04\/calculer-puissance-climatiseur-1024x768.jpg 1024w, https:\/\/www.discountetqualite.fr\/blog\/wp-content\/uploads\/2026\/04\/calculer-puissance-climatiseur-300x225.jpg 300w, https:\/\/www.discountetqualite.fr\/blog\/wp-content\/uploads\/2026\/04\/calculer-puissance-climatiseur-768x576.jpg 768w, https:\/\/www.discountetqualite.fr\/blog\/wp-content\/uploads\/2026\/04\/calculer-puissance-climatiseur.jpg 1280w\" sizes=\"auto, (max-width: 1024px) 100vw, 1024px\" \/><figcaption class=\"wp-element-caption\">\u00ab\u00a0Comment calculer la puissance d\u2019un climatiseur ?\u00a0\u00bb &#8211; Illustration D&amp;Q<\/figcaption><\/figure>\n\n\n\n<style>\n  .en-bref-box {\n    background-color: #f1f5f9; \/* Gris tr\u00e8s clair, discret *\/\n    border: 1px solid #cbd5e1;\n    border-radius: 8px;\n    padding: 1.25rem 1.5rem;\n    margin: 1.5rem 0 2.5rem 0;\n    font-family: inherit;\n    color: #334155;\n  }\n\n  .en-bref-title {\n    display: flex;\n    align-items: center;\n    gap: 0.5rem;\n    font-weight: 700;\n    font-size: 1.1rem;\n    color: #0f172a;\n    margin-bottom: 0.75rem;\n    text-transform: uppercase;\n    letter-spacing: 0.5px;\n  }\n\n  .en-bref-icon {\n    width: 20px;\n    height: 20px;\n    color: #3b82f6; \/* Bleu discret *\/\n  }\n\n  .en-bref-list {\n    margin: 0;\n    padding-left: 1.25rem;\n  }\n\n  .en-bref-list li {\n    margin-bottom: 0.5rem;\n    line-height: 1.5;\n  }\n\n  .en-bref-list li:last-child {\n    margin-bottom: 0;\n  }\n  \n  .en-bref-list strong {\n    color: #1e293b;\n  }\n<\/style>\n\n<div class=\"en-bref-box\">\n  <div class=\"en-bref-title\">\n    <svg class=\"en-bref-icon\" fill=\"none\" stroke=\"currentColor\" viewBox=\"0 0 24 24\" xmlns=\"http:\/\/www.w3.org\/2000\/svg\">\n      <path stroke-linecap=\"round\" stroke-linejoin=\"round\" stroke-width=\"2\" d=\"M13 10V3L4 14h7v7l9-11h-7z\"><\/path>\n    <\/svg>\n    En Bref\n  <\/div>\n  <ul class=\"en-bref-list\">\n    <li><strong>R\u00e8gle de base :<\/strong> Multipliez le volume de votre pi\u00e8ce (m\u00b3) par 100 BTU, puis ajoutez 1 000 BTU par fen\u00eatre.<\/li>\n    <li><strong>Conversion rapide :<\/strong> Divisez vos BTU par 3 415 pour obtenir la puissance en kilowatts (kW).<\/li>\n    <li><strong>Selon l&rsquo;isolation :<\/strong> Comptez environ 65 W\/m\u00b2 pour une maison tr\u00e8s r\u00e9cente (RE2020), et jusqu&rsquo;\u00e0 125 W\/m\u00b2 pour un logement ancien non r\u00e9nov\u00e9.<\/li>\n    <li><strong>Le pi\u00e8ge :<\/strong> Un climatiseur trop puissant entra\u00eene des cycles courts, une mauvaise d\u00e9shumidification et une usure pr\u00e9matur\u00e9e de l&rsquo;appareil.<\/li>\n  <\/ul>\n<\/div>\n\n\n\n<h2 class=\"wp-block-heading\"><span class=\"ez-toc-section\" id=\"Pourquoi_est-il_crucial_de_bien_dimensionner_sa_climatisation\"><\/span>Pourquoi est-il crucial de bien dimensionner sa climatisation ?<span class=\"ez-toc-section-end\"><\/span><\/h2>\n\n\n\n<h3 class=\"wp-block-heading\">Qu&rsquo;est-ce qu&rsquo;un bilan thermique ?<\/h3>\n\n\n\n<p>Un bilan thermique est une \u00e9valuation pr\u00e9cise des d\u00e9perditions et des apports de chaleur d&rsquo;un espace pour d\u00e9terminer la puissance id\u00e9ale d&rsquo;un <a target=\"_blank\" rel=\"noreferrer noopener\" href=\"https:\/\/www.discountetqualite.fr\/66-climatiseur\">climatiseur<\/a>. Il prend en compte le volume, le niveau d&rsquo;isolation, l&rsquo;exposition solaire et les sources de chaleur internes pour garantir un dimensionnement parfait.<\/p>\n\n\n\n<style>\n  \/* Styles globaux de l'encart pour s'adapter \u00e0 ton site *\/\n  .expert-insight-box {\n    background-color: #f8fafc; \/* Gris tr\u00e8s clair\/bleut\u00e9 *\/\n    border-left: 5px solid #2563eb; \/* Bleu pro *\/\n    border-radius: 0 8px 8px 0;\n    padding: 1.5rem 1.75rem;\n    margin: 2rem 0;\n    box-shadow: 0 4px 6px -1px rgba(0, 0, 0, 0.05), 0 2px 4px -1px rgba(0, 0, 0, 0.03);\n    font-family: inherit; \/* H\u00e9rite de la police de ton site *\/\n    color: #334155;\n    line-height: 1.6;\n  }\n\n  \/* En-t\u00eate avec ic\u00f4ne *\/\n  .expert-insight-header {\n    display: flex;\n    align-items: center;\n    gap: 0.75rem;\n    margin-bottom: 1rem;\n  }\n\n  .expert-insight-icon {\n    color: #2563eb;\n    width: 26px;\n    height: 26px;\n    flex-shrink: 0;\n  }\n\n  .expert-insight-title {\n    font-weight: 700;\n    font-size: 1.15rem;\n    color: #0f172a;\n    margin: 0;\n    text-transform: uppercase;\n    letter-spacing: 0.5px;\n  }\n\n  \/* Paragraphes internes *\/\n  .expert-insight-box p {\n    margin: 0 0 1rem 0;\n  }\n\n  \/* Mise en avant de la citation ASHRAE *\/\n  .expert-insight-quote {\n    background-color: #eff6ff;\n    border: 1px solid #bfdbfe;\n    border-radius: 6px;\n    padding: 1.25rem 1.25rem 1.25rem 2.5rem;\n    margin: 1.25rem 0;\n    position: relative;\n    font-style: italic;\n    color: #1e3a8a;\n  }\n\n  .expert-insight-quote::before {\n    content: '\"';\n    position: absolute;\n    top: -5px;\n    left: 10px;\n    color: #93c5fd;\n    font-size: 3.5rem;\n    line-height: 1;\n    font-family: Georgia, serif;\n  }\n\n  .expert-insight-quote a {\n    color: #2563eb;\n    font-weight: 600;\n    text-decoration: underline;\n    text-decoration-color: #93c5fd;\n    text-underline-offset: 4px;\n    transition: all 0.2s;\n  }\n\n  .expert-insight-quote a:hover {\n    color: #1d4ed8;\n    text-decoration-color: #2563eb;\n  }\n\n  \/* Conclusion forte *\/\n  .expert-insight-conclusion {\n    font-weight: 700;\n    color: #0f172a;\n    display: flex;\n    align-items: center;\n    gap: 0.5rem;\n    margin-bottom: 0 !important;\n  }\n\n  .expert-insight-conclusion-icon {\n    width: 20px;\n    height: 20px;\n    color: #10b981; \/* Vert de validation *\/\n  }\n<\/style>\n\n<div class=\"expert-insight-box\">\n  \n  <div class=\"expert-insight-header\">\n    <svg class=\"expert-insight-icon\" fill=\"none\" stroke=\"currentColor\" viewBox=\"0 0 24 24\" xmlns=\"http:\/\/www.w3.org\/2000\/svg\">\n      <path stroke-linecap=\"round\" stroke-linejoin=\"round\" stroke-width=\"2\" d=\"M13 16h-1v-4h-1m1-4h.01M21 12a9 9 0 11-18 0 9 9 0 0118 0z\"><\/path>\n    <\/svg>\n    <span class=\"expert-insight-title\">L&rsquo;analyse de Discount&#038;Qualit\u00e9<\/span>\n  <\/div>\n  \n  <p>L&rsquo;\u00e9valuation pr\u00e9cise de cette charge thermique constitue la pierre angulaire de l&rsquo;ing\u00e9nierie climatique r\u00e9sidentielle. Historiquement, de nombreux installateurs se reposaient sur des \u00ab\u00a0r\u00e8gles du pouce\u00a0\u00bb tr\u00e8s approximatives, conduisant souvent \u00e0 une sur\u00e9valuation des besoins.<\/p>\n  \n  <p><strong>Aujourd&rsquo;hui, face aux enjeux climatiques et au co\u00fbt de l&rsquo;\u00e9lectricit\u00e9, cette approche empirique est obsol\u00e8te.<\/strong><\/p>\n  \n  <div class=\"expert-insight-quote\">\n    <p style=\"margin: 0;\">D&rsquo;apr\u00e8s l&rsquo;<a href=\"https:\/\/www.ashrae.org\/technical-resources\/free-resources\/choosing-the-right-system-for-your-home\" target=\"_blank\" rel=\"noreferrer noopener\">ASHRAE<\/a>, l&rsquo;autorit\u00e9 mondiale du g\u00e9nie climatique, refuser d&rsquo;ex\u00e9cuter un calcul de charge complet au profit d&rsquo;une r\u00e8gle approximative expose le client \u00e0 une surconsommation chronique et \u00e0 une d\u00e9gradation acc\u00e9l\u00e9r\u00e9e du mat\u00e9riel.<\/p>\n  <\/div>\n  \n  <p class=\"expert-insight-conclusion\">\n    <svg class=\"expert-insight-conclusion-icon\" fill=\"none\" stroke=\"currentColor\" viewBox=\"0 0 24 24\" xmlns=\"http:\/\/www.w3.org\/2000\/svg\">\n      <path stroke-linecap=\"round\" stroke-linejoin=\"round\" stroke-width=\"2.5\" d=\"M5 13l4 4L19 7\"><\/path>\n    <\/svg>\n    Le bilan thermique n&rsquo;est donc pas une option, c&rsquo;est une n\u00e9cessit\u00e9 technique.\n  <\/p>\n  \n<\/div>\n\n\n\n<h3 class=\"wp-block-heading\">Les risques d&rsquo;une clim surdimensionn\u00e9e (le pi\u00e8ge des cycles courts)<\/h3>\n\n\n\n<p>Penser qu&rsquo;un appareil plus puissant refroidira votre pi\u00e8ce plus efficacement est une erreur fr\u00e9quente qui peut nuire \u00e0 votre confort. Les lois de la thermodynamique d\u00e9montrent qu&rsquo;un \u00e9quipement surdimensionn\u00e9 est tout aussi pr\u00e9judiciable qu&rsquo;un \u00e9quipement trop faible.<\/p>\n\n\n\n<style>\n  \/* Styles de l'encart d'alerte *\/\n  .clim-alert-box {\n    background-color: #fffbeb; \/* Fond ambre tr\u00e8s clair *\/\n    border-left: 5px solid #f59e0b; \/* Bordure d'avertissement orange\/ambre *\/\n    border-radius: 0 8px 8px 0;\n    padding: 1.5rem 1.75rem;\n    margin: 2rem 0;\n    box-shadow: 0 4px 6px -1px rgba(0, 0, 0, 0.05), 0 2px 4px -1px rgba(0, 0, 0, 0.03);\n    font-family: inherit;\n    color: #334155;\n    line-height: 1.6;\n  }\n\n  \/* En-t\u00eate avec ic\u00f4ne d'avertissement *\/\n  .clim-alert-header {\n    display: flex;\n    align-items: center;\n    gap: 0.75rem;\n    margin-bottom: 1rem;\n  }\n\n  .clim-alert-icon {\n    color: #f59e0b;\n    width: 28px;\n    height: 28px;\n    flex-shrink: 0;\n  }\n\n  .clim-alert-title {\n    font-weight: 700;\n    font-size: 1.15rem;\n    color: #92400e; \/* Texte titre fonc\u00e9 *\/\n    margin: 0;\n    text-transform: uppercase;\n    letter-spacing: 0.5px;\n  }\n\n  \/* Texte principal *\/\n  .clim-alert-box p {\n    margin: 0 0 1rem 0;\n  }\n\n  \/* Personnalisation des liens pour s'adapter au th\u00e8me *\/\n  .clim-alert-box a {\n    color: #d97706;\n    font-weight: 600;\n    text-decoration: underline;\n    text-decoration-color: #fcd34d;\n    text-underline-offset: 4px;\n    transition: all 0.2s;\n  }\n\n  .clim-alert-box a:hover {\n    color: #b45309;\n    text-decoration-color: #d97706;\n  }\n\n  \/* Mise en avant de la statistique finale *\/\n  .clim-alert-highlight {\n    background-color: #fef3c7; \/* Fond l\u00e9g\u00e8rement plus soutenu *\/\n    border: 1px dashed #fbbf24;\n    border-radius: 6px;\n    padding: 1.25rem;\n    margin-top: 1.25rem;\n    font-weight: 500;\n    color: #78350f;\n    display: flex;\n    align-items: flex-start;\n    gap: 0.75rem;\n  }\n\n  .clim-alert-highlight-icon {\n    color: #ea580c;\n    width: 24px;\n    height: 24px;\n    flex-shrink: 0;\n    margin-top: 2px;\n  }\n  \n  @media (max-width: 600px) {\n    .clim-alert-box {\n      padding: 1.25rem;\n    }\n  }\n<\/style>\n\n<div class=\"clim-alert-box\">\n  \n  <div class=\"clim-alert-header\">\n    <svg class=\"clim-alert-icon\" fill=\"none\" stroke=\"currentColor\" viewBox=\"0 0 24 24\" xmlns=\"http:\/\/www.w3.org\/2000\/svg\">\n      <path stroke-linecap=\"round\" stroke-linejoin=\"round\" stroke-width=\"2\" d=\"M12 9v2m0 4h.01m-6.938 4h13.856c1.54 0 2.502-1.667 1.732-3L13.732 4c-.77-1.333-2.694-1.333-3.464 0L3.34 16c-.77 1.333.192 3 1.732 3z\"><\/path>\n    <\/svg>\n    <span class=\"clim-alert-title\">Le pi\u00e8ge du surdimensionnement<\/span>\n  <\/div>\n  \n  <p>Un climatiseur excessivement puissant refroidit le volume d&rsquo;air de mani\u00e8re brutale et atteint sa temp\u00e9rature de consigne en quelques minutes seulement. Ce ph\u00e9nom\u00e8ne, appel\u00e9 \u00ab\u00a0short-cycling\u00a0\u00bb ou cycles courts, provoque l&rsquo;arr\u00eat du <a href=\"https:\/\/www.discountetqualite.fr\/306-unite-exterieure\" target=\"_blank\" rel=\"noreferrer noopener\">compresseur<\/a> avant m\u00eame que l&rsquo;\u00e9vaporateur n&rsquo;ait eu le temps de condenser l&rsquo;humidit\u00e9 ambiante.<\/p>\n  \n  <p>Le r\u00e9sultat ? Vous ressentez un inconfort thermique s\u00e9v\u00e8re, caract\u00e9ris\u00e9 par une sensation de froid particuli\u00e8rement humide, coupl\u00e9 \u00e0 une <a href=\"https:\/\/www.discountetqualite.fr\/blog\/nos-conseils\/nettoyer-climatiseur-mural\/\" target=\"_blank\" rel=\"noreferrer noopener\">usure m\u00e9canique acc\u00e9l\u00e9r\u00e9e<\/a>.\n\n\n\n<h3 class=\"wp-block-heading\">Les dangers d&rsquo;une clim sous-dimensionn\u00e9e (la surconsommation)<\/h3>\n\n\n\n<p>\u00c0 l&rsquo;inverse, sous-estimer la capacit\u00e9 frigorifique de son installation pour r\u00e9aliser des \u00e9conomies \u00e0 l&rsquo;achat s&rsquo;av\u00e8re \u00eatre un tr\u00e8s mauvais calcul financier. Un <strong>climatiseur trop petit sera condamn\u00e9 \u00e0 fonctionner en r\u00e9gime continu <\/strong>sans jamais vaincre les apports thermiques.<\/p>\n\n\n\n<p>Ce fonctionnement permanent l&#8217;emp\u00eachera d&rsquo;assurer le confort lors des pics de chaleur. De plus, en tournant constamment \u00e0 100 % de ses capacit\u00e9s, le moteur s&rsquo;\u00e9puise vite, ce qui g\u00e9n\u00e8re une usure pr\u00e9matur\u00e9e et une incapacit\u00e9 \u00e0 maintenir la temp\u00e9rature voulue. Un dimensionnement exact reste l&rsquo;objectif premier pour garantir la long\u00e9vit\u00e9 de votre investissement.<\/p>\n\n\n\n<p>\u00c0 suivre >> <a href=\"https:\/\/www.discountetqualite.fr\/blog\/nos-conseils\/achat-pose-prix-climatiseur-fixe\/\">Achat et pose : combien co\u00fbte un climatiseur fixe ?<\/a><\/p>\n\n\n\n<h2 class=\"wp-block-heading\"><span class=\"ez-toc-section\" id=\"Les_2_methodes_pour_calculer_la_puissance_de_sa_clim\"><\/span>Les 2 m\u00e9thodes pour calculer la puissance de sa clim<span class=\"ez-toc-section-end\"><\/span><\/h2>\n\n\n\n<h3 class=\"wp-block-heading\">Comment calculer la puissance d&rsquo;un climatiseur ?<\/h3>\n\n\n\n<p>Pour <strong>calculer la puissance d&rsquo;un climatiseur<\/strong>, multipliez le volume de la pi\u00e8ce (surface au sol par la hauteur sous plafond) par 100 BTU. Ajoutez ensuite 1 000 BTU pour chaque paroi vitr\u00e9e. Enfin, divisez le total obtenu par 3 415 pour obtenir la puissance \u00e9lectrique n\u00e9cessaire en kilowatts (kW).<\/p>\n\n\n\n<figure class=\"wp-block-image size-large\"><img loading=\"lazy\" decoding=\"async\" width=\"1024\" height=\"768\" src=\"https:\/\/www.discountetqualite.fr\/blog\/wp-content\/uploads\/2026\/04\/calculer-puissance-climatiseur-1-1024x768.jpg\" alt=\"Infographie expliquant en quatre \u00e9tapes le calcul de la puissance d'un climatiseur en kilowatts (kW) : mesure du volume de la pi\u00e8ce, multiplication par 100 BTU, ajout des parois vitr\u00e9es et conversion finale par division.\" class=\"wp-image-14039\" srcset=\"https:\/\/www.discountetqualite.fr\/blog\/wp-content\/uploads\/2026\/04\/calculer-puissance-climatiseur-1-1024x768.jpg 1024w, https:\/\/www.discountetqualite.fr\/blog\/wp-content\/uploads\/2026\/04\/calculer-puissance-climatiseur-1-300x225.jpg 300w, https:\/\/www.discountetqualite.fr\/blog\/wp-content\/uploads\/2026\/04\/calculer-puissance-climatiseur-1-768x576.jpg 768w, https:\/\/www.discountetqualite.fr\/blog\/wp-content\/uploads\/2026\/04\/calculer-puissance-climatiseur-1.jpg 1280w\" sizes=\"auto, (max-width: 1024px) 100vw, 1024px\" \/><\/figure>\n\n\n\n<p>Cette m\u00e9thode volum\u00e9trique offre une excellente pr\u00e9cision, car elle int\u00e8gre la masse d&rsquo;air totale \u00e0 rafra\u00eechir. C&rsquo;est d&rsquo;ailleurs la m\u00e9thodologie standardis\u00e9e utilis\u00e9e par les professionnels lors des audits \u00e9nerg\u00e9tiques.<\/p>\n\n\n\n<p>Pour vous faire gagner du temps et obtenir une estimation sur-mesure, utilisez notre simulateur interactif ci-dessous : renseignez simplement les caract\u00e9ristiques de votre pi\u00e8ce pour d\u00e9couvrir instantan\u00e9ment la puissance id\u00e9ale de votre future climatisation en kW et en BTU.<\/p>\n\n\n\n<style>\n    :root {\n        --calc-primary: #2563eb;\n        --calc-primary-hover: #1d4ed8;\n        --calc-bg: #f8fafc;\n        --calc-border: #e2e8f0;\n        --calc-text: #1e293b;\n        --calc-text-light: #64748b;\n        --calc-result-bg: #eff6ff;\n    }\n\n    .clim-calculator {\n        font-family: inherit;\n        background: #ffffff;\n        border: 1px solid var(--calc-border);\n        border-radius: 12px;\n        box-shadow: 0 10px 15px -3px rgba(0, 0, 0, 0.1), 0 4px 6px -2px rgba(0, 0, 0, 0.05);\n        max-width: 800px;\n        margin: 2rem auto;\n        overflow: hidden;\n        color: var(--calc-text);\n    }\n\n    .clim-calc-header {\n        background: var(--calc-primary);\n        color: white;\n        padding: 1.5rem;\n        text-align: center;\n    }\n\n    .clim-calc-header h3 {\n        margin: 0;\n        color: white;\n        font-size: 1.5rem;\n        font-weight: 700;\n    }\n\n    .clim-calc-header p {\n        margin: 0.5rem 0 0 0;\n        font-size: 0.95rem;\n        opacity: 0.9;\n    }\n\n    .clim-calc-body {\n        padding: 2rem;\n        display: grid;\n        grid-template-columns: 1fr 1fr;\n        gap: 1.5rem;\n    }\n\n    @media (max-width: 600px) {\n        .clim-calc-body {\n            grid-template-columns: 1fr;\n            padding: 1.25rem;\n        }\n    }\n\n    .calc-group {\n        display: flex;\n        flex-direction: column;\n        gap: 0.5rem;\n    }\n\n    .calc-group.full-width {\n        grid-column: 1 \/ -1;\n    }\n\n    .calc-label {\n        font-weight: 600;\n        font-size: 0.95rem;\n    }\n\n    .calc-input, .calc-select {\n        width: 100%;\n        padding: 0.75rem 1rem;\n        border: 1px solid var(--calc-border);\n        border-radius: 8px;\n        font-size: 1rem;\n        font-family: inherit;\n        background-color: var(--calc-bg);\n        transition: border-color 0.2s, box-shadow 0.2s;\n        box-sizing: border-box;\n    }\n\n    .calc-input:focus, .calc-select:focus {\n        outline: none;\n        border-color: var(--calc-primary);\n        box-shadow: 0 0 0 3px rgba(37, 99, 235, 0.2);\n    }\n\n    .calc-checkbox-group {\n        display: flex;\n        align-items: center;\n        gap: 0.75rem;\n        padding: 0.75rem;\n        background-color: var(--calc-bg);\n        border: 1px solid var(--calc-border);\n        border-radius: 8px;\n        cursor: pointer;\n        transition: all 0.2s;\n    }\n\n    .calc-checkbox-group:hover {\n        border-color: var(--calc-primary);\n    }\n\n    .calc-checkbox-group input[type=\"checkbox\"] {\n        width: 1.2rem;\n        height: 1.2rem;\n        accent-color: var(--calc-primary);\n        cursor: pointer;\n    }\n\n    .calc-checkbox-label {\n        font-weight: 500;\n        cursor: pointer;\n        user-select: none;\n        font-size: 0.95rem;\n    }\n\n    .clim-calc-result {\n        background: var(--calc-result-bg);\n        padding: 2rem;\n        text-align: center;\n        border-top: 1px solid var(--calc-border);\n    }\n\n    .result-title {\n        font-size: 1.1rem;\n        font-weight: 600;\n        color: var(--calc-primary);\n        text-transform: uppercase;\n        letter-spacing: 0.5px;\n        margin-bottom: 0.5rem;\n    }\n\n    .result-values {\n        display: flex;\n        justify-content: center;\n        align-items: baseline;\n        gap: 1.5rem;\n        flex-wrap: wrap;\n    }\n\n    .result-kw {\n        font-size: 3.5rem;\n        font-weight: 800;\n        color: var(--calc-text);\n        line-height: 1;\n    }\n\n    .result-btu {\n        font-size: 1.5rem;\n        font-weight: 600;\n        color: var(--calc-text-light);\n    }\n\n    .result-disclaimer {\n        margin-top: 1.5rem;\n        font-size: 0.85rem;\n        color: var(--calc-text-light);\n        display: flex;\n        align-items: center;\n        justify-content: center;\n        gap: 0.5rem;\n    }\n<\/style>\n\n<div class=\"clim-calculator\">\n    <div class=\"clim-calc-header\">\n        <h3>Calculez la puissance de votre clim en 1 minute<\/h3>\n        <p>Estimez la puissance id\u00e9ale de votre climatisation en temps r\u00e9el.<\/p>\n    <\/div>\n    \n    <div class=\"clim-calc-body\">\n        <div class=\"calc-group\">\n            <label class=\"calc-label\" for=\"calc-surface\">Surface de la pi\u00e8ce (m\u00b2)<\/label>\n            <input type=\"number\" id=\"calc-surface\" class=\"calc-input\" min=\"5\" max=\"200\" value=\"20\" oninput=\"calculateClim()\">\n        <\/div>\n\n        <div class=\"calc-group\">\n            <label class=\"calc-label\" for=\"calc-isolation\">Niveau d&rsquo;isolation<\/label>\n            <select id=\"calc-isolation\" class=\"calc-select\" onchange=\"calculateClim()\">\n                <label class=\"calc-label\" for=\"calc-isolation\">Niveau d&rsquo;isolation<\/label>\n                <option value=\"65\">Excellente (Maison neuve RE2020)<\/option>\n                <option value=\"75\" selected>Tr\u00e8s bonne (RT2012 \/ BBC)<\/option>\n                <option value=\"100\">Moyenne (R\u00e9nov\u00e9e < 10 ans)<\/option>\n                <option value=\"125\">Faible (Ancienne non r\u00e9nov\u00e9e)<\/option>\n            <\/select>\n        <\/div>\n\n        <div class=\"calc-group\">\n            <label class=\"calc-label\" for=\"calc-windows\">Nombre de fen\u00eatres \/ baies<\/label>\n            <input type=\"number\" id=\"calc-windows\" class=\"calc-input\" min=\"0\" max=\"10\" value=\"1\" oninput=\"calculateClim()\">\n        <\/div>\n\n        <div class=\"calc-group\">\n            <label class=\"calc-label\" for=\"calc-exposure\">Exposition principale<\/label>\n            <select id=\"calc-exposure\" class=\"calc-select\" onchange=\"calculateClim()\">\n                <option value=\"1\" selected>Normale (Est \/ Ouest)<\/option>\n                <option value=\"1.15\">Plein Sud \/ Fort soleil (+15%)<\/option>\n                <option value=\"0.9\">Plein Nord \/ Ombrag\u00e9 (-10%)<\/option>\n            <\/select>\n        <\/div>\n\n        <div class=\"calc-group\">\n            <label class=\"calc-label\" for=\"calc-occupants\">Nombre d&rsquo;occupants r\u00e9guliers<\/label>\n            <input type=\"number\" id=\"calc-occupants\" class=\"calc-input\" min=\"1\" max=\"20\" value=\"2\" oninput=\"calculateClim()\">\n        <\/div>\n\n        <div class=\"calc-group full-width\" style=\"display: flex; gap: 1rem; flex-wrap: wrap; flex-direction: row;\">\n            <label class=\"calc-checkbox-group\" style=\"flex: 1;\">\n                <input type=\"checkbox\" id=\"calc-kitchen\" onchange=\"calculateClim()\">\n                <span class=\"calc-checkbox-label\">Cuisine ouverte (Apports de chaleur)<\/span>\n            <\/label>\n            <label class=\"calc-checkbox-group\" style=\"flex: 1;\">\n                <input type=\"checkbox\" id=\"calc-reversible\" onchange=\"calculateClim()\">\n                <span class=\"calc-checkbox-label\">Clim r\u00e9versible (Major\u00e9e pour l&rsquo;hiver)<\/span>\n            <\/label>\n        <\/div>\n    <\/div>\n\n    <div class=\"clim-calc-result\">\n        <div class=\"result-title\">Puissance recommand\u00e9e<\/div>\n        <div class=\"result-values\">\n            <div class=\"result-kw\"><span id=\"res-kw\">0.0<\/span> kW<\/div>\n            <div class=\"result-btu\"><span id=\"res-btu\">0<\/span> BTU\/h<\/div>\n        <\/div>\n        <div class=\"result-disclaimer\">\n            <svg width=\"16\" height=\"16\" fill=\"currentColor\" viewBox=\"0 0 20 20\"><path fill-rule=\"evenodd\" d=\"M18 10a8 8 0 11-16 0 8 8 0 0116 0zm-7-4a1 1 0 11-2 0 1 1 0 012 0zM9 9a1 1 0 000 2v3a1 1 0 001 1h1a1 1 0 100-2v-3a1 1 0 00-1-1H9z\" clip-rule=\"evenodd\"><\/path><\/svg>\n            Calcul bas\u00e9 sur la m\u00e9thode 3CL-DPE et les recommandations de l&rsquo;ASHRAE.\n        <\/div>\n    <\/div>\n<\/div>\n\n<script>\n    function calculateClim() {\n        \/\/ 1. R\u00e9cup\u00e9ration des valeurs\n        let surface = parseFloat(document.getElementById('calc-surface').value) || 0;\n        let isolationFactor = parseFloat(document.getElementById('calc-isolation').value) || 75;\n        let windows = parseInt(document.getElementById('calc-windows').value) || 0;\n        let exposureModifier = parseFloat(document.getElementById('calc-exposure').value) || 1;\n        let occupants = parseInt(document.getElementById('calc-occupants').value) || 1;\n        let isKitchen = document.getElementById('calc-kitchen').checked;\n        let isReversible = document.getElementById('calc-reversible').checked;\n\n        \/\/ 2. Calcul de base (Surface x Ratio d'isolation) en Watts\n        let totalWatts = surface * isolationFactor;\n\n        \/\/ 3. Ajout des baies vitr\u00e9es (1000 BTU = environ 293 Watts)\n        totalWatts += (windows * 293);\n\n        \/\/ 4. Ajout des occupants (Base 2 personnes. 175W par personne suppl\u00e9mentaire)\n        if (occupants > 2) {\n            totalWatts += ((occupants - 2) * 175);\n        }\n\n        \/\/ 5. Ajout Cuisine (4000 BTU = environ 1170 Watts)\n        if (isKitchen) {\n            totalWatts += 1170;\n        }\n\n        \/\/ 6. Application du modificateur d'exposition (Sud +15%, Nord -10%)\n        totalWatts = totalWatts * exposureModifier;\n\n        \/\/ 7. Marge pour mode r\u00e9versible chauffage (+15% recommand\u00e9)\n        if (isReversible) {\n            totalWatts = totalWatts * 1.15;\n        }\n\n        \/\/ 8. Conversions finales\n        let finalKw = (totalWatts \/ 1000).toFixed(1); \/\/ Arrondi \u00e0 1 chiffre apr\u00e8s la virgule\n        let finalBtu = Math.round(totalWatts * 3.415); \/\/ Conversion Watts vers BTU\n\n        \/\/ Formatage du BTU avec espace pour les milliers (ex: 12 000)\n        let formattedBtu = finalBtu.toString().replace(\/\\B(?=(\\d{3})+(?!\\d))\/g, \" \");\n\n        \/\/ 9. Mise \u00e0 jour de l'affichage DOM\n        document.getElementById('res-kw').innerText = finalKw;\n        document.getElementById('res-btu').innerText = formattedBtu;\n    }\n\n    \/\/ Lancer le calcul une premi\u00e8re fois au chargement de la page\n    document.addEventListener(\"DOMContentLoaded\", function() {\n        calculateClim();\n    });\n<\/script>\n\n\n\n<style>\n    .dq-end-wrapper {\n        box-sizing: border-box;\n        width: 100%;\n        margin: 50px 0;\n        font-family: 'Arial', sans-serif;\n    }\n    .dq-end-container {\n        background: #fff;\n        border: 2px solid #e2e2e2;\n        border-radius: 15px;\n        padding: 40px 20px;\n        text-align: center;\n        max-width: 650px;\n        margin: 0 auto;\n        position: relative;\n    }\n    .dq-end-badge {\n        background: #e53935;\n        color: #fff;\n        padding: 5px 15px;\n        font-weight: bold;\n        text-transform: uppercase;\n        font-size: 13px;\n        border-radius: 50px;\n        display: inline-block;\n        margin-bottom: 15px;\n    }\n    .dq-end-title { font-size: 26px; color: #333; margin: 0 0 15px; font-weight: 800; }\n    .dq-end-desc { font-size: 16px; color: #666; margin-bottom: 25px; line-height: 1.5; }\n    \n    .dq-end-coupon-box {\n        background: #f0fdf4;\n        border: 2px dashed #4CAF50;\n        border-radius: 10px;\n        padding: 20px;\n        margin-bottom: 30px;\n        cursor: pointer;\n        position: relative;\n        transition: 0.2s;\n    }\n    .dq-end-coupon-box:active { transform: scale(0.97); }\n    .dq-end-coupon-label { color: #4CAF50; font-size: 12px; font-weight: bold; text-transform: uppercase; margin-bottom: 5px; }\n    .dq-end-code { font-size: 32px; font-weight: 900; color: #333; letter-spacing: 3px; }\n    \n    .dq-end-btn {\n        display: block;\n        background: #ff6b00;\n        color: #fff !important;\n        text-decoration: none !important;\n        padding: 20px;\n        border-radius: 50px;\n        font-size: 20px;\n        font-weight: bold;\n        box-shadow: 0 5px 15px rgba(255,107,0,0.3);\n        transition: 0.3s;\n    }\n    .dq-end-btn:hover { background: #e65100; transform: translateY(-3px); }\n\n    .dq-end-tooltip {\n        position: absolute;\n        top: -40px;\n        left: 50%;\n        transform: translateX(-50%);\n        background: #333;\n        color: #fff;\n        padding: 8px 15px;\n        border-radius: 5px;\n        font-size: 14px;\n        opacity: 0;\n        transition: 0.3s;\n        white-space: nowrap;\n    }\n    .dq-end-coupon-box.copied .dq-end-tooltip { opacity: 1; }\n\n    .dq-end-footer { margin-top: 15px; font-size: 12px; color: #999; }\n\n    @media (max-width: 480px) {\n        .dq-end-title { font-size: 22px; }\n        .dq-end-code { font-size: 26px; }\n    }\n<\/style>\n\n<div class=\"dq-end-wrapper\">\n    <div class=\"dq-end-container\">\n        <div class=\"dq-end-badge\">Les Moins Chers de France \ud83c\uddeb\ud83c\uddf7<\/div>\n        <h3 class=\"dq-end-title\">Votre puissance est calcul\u00e9e ? Passez \u00e0 l&rsquo;action !<\/h3>\n        <p class=\"dq-end-desc\">\n            Maintenant que vous savez s&rsquo;il vous faut du <strong>9 000 ou 18 000 BTU<\/strong>, \u00e9quipez-vous au meilleur prix. D\u00e9couvrez nos climatiseurs <strong>Inverter r\u00e9versibles<\/strong> parfaitement dimensionn\u00e9s pour votre surface.\n        <\/p>\n\n        <div class=\"dq-end-coupon-box\" id=\"couponEnd\" onclick=\"copyCouponEnd()\">\n            <span class=\"dq-end-tooltip\" id=\"tooltipEnd\">Code copi\u00e9 ! \u2705<\/span>\n            <div class=\"dq-end-coupon-label\">Cliquez pour copier votre offre exclusive<\/div>\n            <div class=\"dq-end-code\">BLOG5<\/div>\n            <div style=\"font-size: 11px; color: #4CAF50; margin-top: 5px;\">-5% de remise imm\u00e9diate sur votre clim<\/div>\n        <\/div>\n\n        <a href=\"https:\/\/www.discountetqualite.fr\/66-climatiseur\" class=\"dq-end-btn\">Trouver la clim id\u00e9ale au prix direct usine<\/a>\n        <div class=\"dq-end-footer\">\u26a1 Exp\u00e9dition sous 24\/48h &#8211; Stock r\u00e9el<\/div>\n    <\/div>\n<\/div>\n\n<script>\nfunction copyCouponEnd() {\n    var code = \"BLOG5\";\n    var box = document.getElementById(\"couponEnd\");\n    function success() {\n        box.classList.add(\"copied\");\n        setTimeout(() => box.classList.remove(\"copied\"), 3000);\n    }\n    if (navigator.clipboard && window.isSecureContext) {\n        navigator.clipboard.writeText(code).then(success);\n    } else {\n        var textArea = document.createElement(\"textarea\");\n        textArea.value = code;\n        textArea.style.position = \"fixed\"; textArea.style.left = \"-9999px\";\n        document.body.appendChild(textArea);\n        textArea.focus(); textArea.select();\n        try { document.execCommand('copy'); success(); } catch (err) {}\n        document.body.removeChild(textArea);\n    }\n}\n<\/script>\n\n\n\n<h3 class=\"wp-block-heading\">M\u00e9thode 1 : Le calcul selon le volume (m\u00b3) et les BTU<\/h3>\n\n\n\n<p>L&rsquo;approche par le volume (m\u00b3) permet d&rsquo;\u00e9viter les mauvaises surprises, en particulier si vous b\u00e9n\u00e9ficiez d&rsquo;une belle hauteur sous plafond. L&rsquo;\u00e9quation de base est la suivante : <strong>puissance en BTU<\/strong> = (Volume \u00d7 100) + Apports Vitr\u00e9s.<\/p>\n\n\n\n<p>Voici un tableau r\u00e9sumant la proc\u00e9dure, \u00e9tape par \u00e9tape, compl\u00e9t\u00e9 par un cas pratique pour un salon de 20 m\u00b2 (hauteur standard de 2,50 m et \u00e9quip\u00e9 de deux fen\u00eatres) afin de vous permettre de faire le calcul vous-m\u00eame en un coup d&rsquo;\u0153il :<\/p>\n\n\n\n<figure class=\"wp-block-table\"><table class=\"has-fixed-layout\"><thead><tr><td><strong>\u00c9tape de calcul<\/strong><\/td><td><strong>R\u00e8gle \u00e0 suivre<\/strong><\/td><td><strong>Cas pratique (Salon 20 m\u00b2)<\/strong><\/td><\/tr><\/thead><tbody><tr><td><strong>Calculez le volume<\/strong><\/td><td>Multipliez votre surface en m\u00b2 par votre hauteur sous plafond. Allouez 100 BTU par m\u00e8tre cube trouv\u00e9.<\/td><td>Volume : 50 m\u00b3 \u00d7 100 = 5 000 BTU.<\/td><\/tr><tr><td><strong>Ajoutez les baies vitr\u00e9es<\/strong><\/td><td>Le rayonnement solaire \u00e0 travers les vitrages constitue la source principale d&rsquo;apport thermique. Comptez 1 000 BTU suppl\u00e9mentaires par paroi vitr\u00e9e.<\/td><td>Vitrages : 2 \u00d7 1 000 = 2 000 BTU.<\/td><\/tr><tr><td><strong>Convertissez<\/strong><\/td><td>Divisez le r\u00e9sultat final (total frigorifique) par 3 415 pour obtenir la puissance de votre futur \u00e9quipement en kW.<\/td><td>Total : 7 000 BTU.<br>En kW : 7 000 \/ 3 415 = 2,05 kW.<\/td><\/tr><\/tbody><\/table><\/figure>\n\n\n\n<p>Dans cette situation, s&rsquo;\u00e9quiper d&rsquo;une <a target=\"_blank\" rel=\"noreferrer noopener\" href=\"https:\/\/www.discountetqualite.fr\/305-unite-interieure\">unit\u00e9 int\u00e9rieure<\/a> affichant entre 2,0 et 2,5 kW de puissance est un choix parfaitement justifi\u00e9 et optimal.<\/p>\n\n\n\n<h3 class=\"wp-block-heading\">M\u00e9thode 2 : Le calcul selon la surface (m\u00b2) et l&rsquo;isolation<\/h3>\n\n\n\n<p>L&rsquo;\u00e9volution fulgurante des r\u00e9glementations thermiques a rendu totalement obsol\u00e8te l&rsquo;ancienne \u00ab\u00a0r\u00e8gle du pouce\u00a0\u00bb qui consistait \u00e0 pr\u00e9voir syst\u00e9matiquement 100 W par m\u00b2. Un b\u00e2timent r\u00e9cent ne pr\u00e9sente pas du tout la m\u00eame conductivit\u00e9 thermique qu&rsquo;une maison des ann\u00e9es 1980.<\/p>\n\n\n\n<p>Pour un calcul rapide bas\u00e9 sur la surface (avec un plafond classique \u00e0 2,5 m), les ing\u00e9nieurs thermiciens pond\u00e8rent d\u00e9sormais la <strong>puissance au m\u00e8tre carr\u00e9<\/strong> en fonction de l&rsquo;ann\u00e9e de construction. Selon les recommandations des grands fabricants comme <a href=\"https:\/\/www.atlantic.fr\/aide\/climatisation\/comment-choisir-la-puissance-d-un-climatiseur\" target=\"_blank\" rel=\"noreferrer noopener\">Atlantic<\/a>, voici un tableau r\u00e9capitulatif des ratios moyens de <strong>puissance \u00e0 appliquer selon la nature de votre logement<\/strong> :<\/p>\n\n\n\n<figure class=\"wp-block-table\"><table class=\"has-fixed-layout\"><thead><tr><td><strong>Type de logement<\/strong><\/td><td><strong>Ratio moyen \u00e0 appliquer<\/strong><\/td><td><strong>Explication de la performance<\/strong><\/td><\/tr><\/thead><tbody><tr><td><strong>Logement RE2020<\/strong><\/td><td>Environ 65 W\/m\u00b2<\/td><td>L&rsquo;\u00e9tanch\u00e9it\u00e9 drastique et la conception bioclimatique r\u00e9duisent les besoins.<\/td><\/tr><tr><td><strong>Logement RT2012 (BBC)<\/strong><\/td><td>Entre 70 et 75 W\/m\u00b2<\/td><td>Gr\u00e2ce \u00e0 une isolation tr\u00e8s performante.<\/td><\/tr><tr><td><strong>Logement r\u00e9nov\u00e9<\/strong> (moins de 10 ans)<\/td><td>Environ 100 W\/m\u00b2<\/td><td>Multipliez votre surface par cette r\u00e9f\u00e9rence.<\/td><\/tr><tr><td><strong>Logement ancien<\/strong> (non r\u00e9nov\u00e9)<\/td><td>Au minimum 125 W\/m\u00b2<\/td><td>Pour compenser les ponts thermiques structurels majeurs.<\/td><\/tr><\/tbody><\/table><\/figure>\n\n\n\n<p><em>Bon \u00e0 savoir :<\/em> Si vous comptez utiliser votre appareil en mode <strong>climatisation r\u00e9versible<\/strong> (pour vous chauffer l&rsquo;hiver), la r\u00e8gle de l&rsquo;art impose de majorer la puissance calcul\u00e9e de 15 % \u00e0 20 %. En effet, le mode thermodynamique d&rsquo;inversion de cycle perd naturellement en rendement lorsque les temp\u00e9ratures ext\u00e9rieures descendent sous 0\u00b0C.<\/p>\n\n\n\n<h2 class=\"wp-block-heading\"><span class=\"ez-toc-section\" id=\"BTU_et_kW_comprendre_et_convertir_les_unites\"><\/span>BTU et kW : comprendre et convertir les unit\u00e9s<span class=\"ez-toc-section-end\"><\/span><\/h2>\n\n\n\n<h3 class=\"wp-block-heading\">Comment convertir les BTU en kW ?<\/h3>\n\n\n\n<p>Pour convertir la puissance d&rsquo;un <strong>climatiseur de BTU en kW<\/strong>, il suffit de diviser la valeur en BTU par 3 415. \u00c0 l&rsquo;inverse, pour obtenir des BTU \u00e0 partir de kilowatts, multipliez simplement la puissance par 3 415. Cette r\u00e8gle de conversion est indispensable pour <a href=\"https:\/\/www.discountetqualite.fr\/blog\/nos-conseils\/quel-climatiseur-choisir-2026-guide\/\" target=\"_blank\" rel=\"noreferrer noopener\">comparer les mod\u00e8les<\/a>.<\/p>\n\n\n\n<style>\n    \/* Conteneur principal de la carte *\/\n    .unit-conversion-box {\n        background: #ffffff;\n        border: 1px solid #e2e8f0;\n        border-radius: 12px;\n        padding: 1.5rem 1.75rem;\n        margin: 2rem 0;\n        box-shadow: 0 10px 15px -3px rgba(0, 0, 0, 0.05), 0 4px 6px -2px rgba(0, 0, 0, 0.025);\n        font-family: inherit;\n        color: #334155;\n    }\n\n    \/* En-t\u00eate : Ic\u00f4ne + Titre *\/\n    .unit-box-header {\n        display: flex;\n        align-items: center;\n        gap: 1rem;\n        margin-bottom: 1.25rem;\n        border-bottom: 2px solid #f8fafc;\n        padding-bottom: 1rem;\n    }\n\n    .unit-icon-container {\n        background: #eff6ff;\n        color: #3b82f6; \/* Bleu dynamique *\/\n        width: 46px;\n        height: 46px;\n        border-radius: 10px;\n        display: flex;\n        align-items: center;\n        justify-content: center;\n        flex-shrink: 0;\n    }\n\n    .unit-icon-container svg {\n        width: 24px;\n        height: 24px;\n    }\n\n    .unit-box-title {\n        font-size: 1.15rem !important;\n        font-weight: 700 !important;\n        color: #0f172a;\n        margin: 0 !important;\n    }\n\n    \/* Paragraphes internes *\/\n    .unit-box-content p {\n        margin: 0 0 1.25rem 0;\n        line-height: 1.6;\n        font-size: 0.95rem;\n    }\n\n    .unit-box-content p:last-child {\n        margin-bottom: 0;\n    }\n\n    \/* Style du lien int\u00e9gr\u00e9 *\/\n    .unit-box-content a {\n        color: #2563eb;\n        font-weight: 600;\n        text-decoration: none;\n        border-bottom: 2px solid #bfdbfe;\n        transition: border-color 0.2s ease, color 0.2s ease;\n    }\n\n    .unit-box-content a:hover {\n        color: #1d4ed8;\n        border-bottom-color: #2563eb;\n    }\n\n    \/* Bloc visuel de la formule *\/\n    .formula-highlight {\n        background: #0f172a; \/* Ardoise tr\u00e8s fonc\u00e9e pour le contraste *\/\n        color: #f8fafc;\n        padding: 1.25rem;\n        border-radius: 8px;\n        text-align: center;\n        font-size: 1.35rem;\n        font-weight: 700;\n        letter-spacing: 0.5px;\n        margin: 1.5rem 0;\n        display: flex;\n        align-items: center;\n        justify-content: center;\n        gap: 0.75rem;\n        box-shadow: inset 0 2px 4px rgba(0,0,0,0.2);\n    }\n\n    \/* \u00c9l\u00e9ments de la formule *\/\n    .formula-highlight span.operator {\n        color: #38bdf8; \/* Bleu clair d'accentuation *\/\n    }\n\n    .formula-highlight span.unit {\n        color: #94a3b8; \/* Gris clair pour l'unit\u00e9 *\/\n        font-size: 1.05rem;\n        font-weight: 500;\n    }\n\n    \/* Adaptation Mobile *\/\n    @media (max-width: 600px) {\n        .unit-conversion-box {\n            padding: 1.25rem;\n        }\n        .formula-highlight {\n            flex-direction: column;\n            gap: 0.35rem;\n            font-size: 1.2rem;\n            padding: 1rem;\n        }\n    }\n<\/style>\n\n<div class=\"unit-conversion-box\">\n    \n    <div class=\"unit-box-header\">\n        <div class=\"unit-icon-container\">\n            <svg fill=\"none\" stroke=\"currentColor\" viewBox=\"0 0 24 24\" xmlns=\"http:\/\/www.w3.org\/2000\/svg\">\n                <path stroke-linecap=\"round\" stroke-linejoin=\"round\" stroke-width=\"2\" d=\"M8 7h12m0 0l-4-4m4 4l-4 4m0 6H4m0 0l4 4m-4-4l4-4\"><\/path>\n            <\/svg>\n        <\/div>\n        <h3 class=\"unit-box-title\">Zoom sur les unit\u00e9s : BTU et kW<\/h3>\n    <\/div>\n    \n    <div class=\"unit-box-content\">\n        <p>Le British Thermal Unit (BTU) est l&rsquo;unit\u00e9 de mesure de l&rsquo;\u00e9nergie thermique privil\u00e9gi\u00e9e sur le march\u00e9 nord-am\u00e9ricain et reste omnipr\u00e9sente sur les \u00e9tiquettes de nos appareils. En France et en Europe, la puissance frigorifique s&rsquo;exprime traditionnellement en kilowatts (kW) ou en Watts.<\/p>\n        \n        <div class=\"formula-highlight\">\n            1 <span class=\"unit\">kW<\/span> \n            <span class=\"operator\">\u2248<\/span> \n            3 415 <span class=\"unit\">BTU\/h<\/span>\n        <\/div>\n\n        <p>Dans la pratique, bien que 1 kW corresponde tr\u00e8s exactement \u00e0 3 412,14 BTU\/h, l&rsquo;ensemble de la profession (ing\u00e9nieurs thermiciens et <a href=\"https:\/\/www.discountetqualite.fr\/blog\/nos-conseils\/installer-climatiseur-maison-etapes\/\" target=\"_blank\" rel=\"noreferrer noopener\">installateurs<\/a>) utilise la valeur arrondie de 3 415 BTU\/h comme standard op\u00e9rationnel pour se simplifier la vie. Conna\u00eetre cette petite gymnastique math\u00e9matique vous \u00e9vitera de vous arracher les cheveux en lisant les fiches techniques lors de votre achat.<\/p>\n    <\/div>\n    \n<\/div>\n\n\n\n<h3 class=\"wp-block-heading\">Tableau de correspondance rapide : quelle puissance pour quelle surface ?<\/h3>\n\n\n\n<p>Vous n&rsquo;avez pas envie de sortir la calculatrice ou vous souhaitez simplement faire une premi\u00e8re estimation \u00e0 la louche ? Si votre logement dispose d&rsquo;une isolation moyenne et d&rsquo;une hauteur sous plafond classique de 2,50 m, vous pouvez vous fier aux standards de l&rsquo;industrie.<\/p>\n\n\n\n<p>En croisant les matrices de calcul des diff\u00e9rentes institutions, il est possible d&rsquo;\u00e9tablir un r\u00e9f\u00e9rentiel de correspondance particuli\u00e8rement fiable. Selon les informations de <a href=\"https:\/\/www.hellowatt.fr\/pompe-a-chaleur\/climatisation\/puissance-m2\" target=\"_blank\" rel=\"noreferrer noopener\">HelloWatt<\/a>, ces \u00e9valuations de la <strong>puissance n\u00e9cessaire en m2 <\/strong>prennent en compte les ajustements standards de l&rsquo;habitat.<\/p>\n\n\n\n<p>Pour calculer pr\u00e9cis\u00e9ment la puissance n\u00e9cessaire, il est important de conna\u00eetre la surface exacte du logement, une information que vous pouvez retrouver dans une <a href=\"https:\/\/myblogimmobilier.net\/2019\/09\/11\/prix-copie-acte-de-propriete\/\" target=\"_blank\" rel=\"noreferrer noopener\">copie d\u2019un acte de propri\u00e9t\u00e9<\/a> ou dans vos documents officiels.<\/p>\n\n\n\n<p>Voici la correspondance directe entre la surface de votre pi\u00e8ce, les kW et les BTU :<\/p>\n\n\n\n<figure class=\"wp-block-table\"><table class=\"has-fixed-layout\"><thead><tr><td><strong>Surface de la pi\u00e8ce (m2)<\/strong><\/td><td><strong>Puissance Nominale (kW)<\/strong><\/td><td><strong>Puissance \u00c9quivalente (BTU\/h)<\/strong><\/td><td><strong>Typologie de l&rsquo;espace<\/strong><\/td><\/tr><\/thead><tbody><tr><td>Jusqu&rsquo;\u00e0 15 m\u00b2<\/td><td>1,5 \u00e0 2,0 kW<\/td><td>5 000 \u00e0 7 000 BTU<\/td><td>Petite chambre, bureau<\/td><\/tr><tr><td>15 \u00e0 25 m\u00b2<\/td><td>2,0 \u00e0 2,5 kW<\/td><td>7 000 \u00e0 9 000 BTU<\/td><td>Chambre standard, petit salon<\/td><\/tr><tr><td>25 \u00e0 35 m\u00b2<\/td><td>2,5 \u00e0 3,5 kW<\/td><td>9 000 \u00e0 12 000 BTU<\/td><td>Pi\u00e8ce de vie moyenne<\/td><\/tr><tr><td>35 \u00e0 50 m\u00b2<\/td><td>3,5 \u00e0 5,2 kW<\/td><td>12 000 \u00e0 18 000 BTU<\/td><td>Grand salon ouvert<\/td><\/tr><tr><td>50 \u00e0 70 m\u00b2<\/td><td>5,2 \u00e0 7,0 kW<\/td><td>18 000 \u00e0 24 000 BTU<\/td><td>Espace ouvert, loft, commerce<\/td><\/tr><tr><td>Au-del\u00e0 de 70 m\u00b2<\/td><td>7,0 \u00e0 8,8+ kW<\/td><td>24 000 \u00e0 30 000+ BTU<\/td><td><a target=\"_blank\" rel=\"noreferrer noopener\" href=\"https:\/\/www.discountetqualite.fr\/307-ensemble-clim\">Multi-split<\/a> ou gainable requis<\/td><\/tr><\/tbody><\/table><\/figure>\n\n\n\n<p><em>Bon \u00e0 savoir :<\/em> Ce tableau est une excellente base de d\u00e9part. N\u00e9anmoins, il faut garder \u00e0 l&rsquo;esprit que ce calcul surfacique brut n&rsquo;est qu&rsquo;une \u00e9tape pr\u00e9liminaire. Plusieurs variables de votre maison peuvent vous obliger \u00e0 revoir ces chiffres \u00e0 la hausse ou \u00e0 la baisse.<\/p>\n\n\n\n<h2 class=\"wp-block-heading\"><span class=\"ez-toc-section\" id=\"Les_4_criteres_qui_modifient_le_calcul_de_votre_puissance\"><\/span>Les 4 crit\u00e8res qui modifient le calcul de votre puissance<span class=\"ez-toc-section-end\"><\/span><\/h2>\n\n\n\n<p>Le calcul brut bas\u00e9 uniquement sur la surface ou le volume n&rsquo;est qu&rsquo;une \u00e9tape pr\u00e9liminaire. Plusieurs variables environnementales imposent d&rsquo;alt\u00e9rer ce r\u00e9sultat final pour garantir un confort optimal tout au long de l&rsquo;\u00e9t\u00e9.<\/p>\n\n\n\n<style>\n  \/* Conteneur principal de la grille *\/\n  .criteria-grid {\n    display: grid;\n    grid-template-columns: repeat(auto-fit, minmax(320px, 1fr));\n    gap: 1.5rem;\n    margin: 2.5rem 0;\n    font-family: inherit;\n  }\n\n  \/* Style des cartes *\/\n  .criteria-card {\n    background: #ffffff;\n    border: 1px solid #e2e8f0;\n    border-radius: 12px;\n    padding: 1.5rem;\n    box-shadow: 0 4px 6px -1px rgba(0, 0, 0, 0.05), 0 2px 4px -1px rgba(0, 0, 0, 0.03);\n    transition: transform 0.2s ease, box-shadow 0.2s ease;\n    display: flex;\n    flex-direction: column;\n  }\n\n  .criteria-card:hover {\n    transform: translateY(-4px);\n    box-shadow: 0 10px 15px -3px rgba(0, 0, 0, 0.1), 0 4px 6px -2px rgba(0, 0, 0, 0.05);\n  }\n\n  \/* En-t\u00eate des cartes (Ic\u00f4ne + Titre) *\/\n  .criteria-header {\n    display: flex;\n    align-items: center;\n    gap: 1rem;\n    margin-bottom: 1rem;\n    padding-bottom: 1rem;\n    border-bottom: 1px solid #f1f5f9;\n  }\n\n  .criteria-icon-wrapper {\n    display: flex;\n    align-items: center;\n    justify-content: center;\n    width: 48px;\n    height: 48px;\n    border-radius: 10px;\n    flex-shrink: 0;\n  }\n\n  .criteria-icon {\n    width: 24px;\n    height: 24px;\n  }\n\n  \/* Titres h3 red\u00e9finis pour la carte *\/\n  .criteria-title {\n    font-size: 1.1rem !important;\n    font-weight: 700 !important;\n    color: #1e293b;\n    margin: 0 !important;\n    line-height: 1.3;\n  }\n\n  \/* Texte des paragraphes *\/\n  .criteria-text {\n    color: #475569;\n    font-size: 0.95rem;\n    line-height: 1.6;\n    margin: 0 !important;\n  }\n\n  \/* Personnalisation des liens dans les cartes *\/\n  .criteria-text a {\n    color: #2563eb;\n    text-decoration: none;\n    font-weight: 600;\n    border-bottom: 1px solid transparent;\n    transition: border-color 0.2s;\n  }\n\n  .criteria-text a:hover {\n    border-color: #2563eb;\n  }\n\n  \/* Couleurs sp\u00e9cifiques par carte *\/\n  .card-sun .criteria-icon-wrapper { background: #fef3c7; color: #d97706; }\n  .card-users .criteria-icon-wrapper { background: #e0e7ff; color: #4338ca; }\n  .card-power .criteria-icon-wrapper { background: #fee2e2; color: #dc2626; }\n  .card-zone .criteria-icon-wrapper { background: #dcfce3; color: #16a34a; }\n\n  @media (max-width: 600px) {\n    .criteria-grid { gap: 1.25rem; margin: 1.5rem 0; }\n    .criteria-card { padding: 1.25rem; }\n  }\n<\/style>\n\n<div class=\"criteria-grid\">\n\n  <div class=\"criteria-card card-sun\">\n    <div class=\"criteria-header\">\n      <div class=\"criteria-icon-wrapper\">\n        <svg class=\"criteria-icon\" fill=\"none\" stroke=\"currentColor\" viewBox=\"0 0 24 24\" xmlns=\"http:\/\/www.w3.org\/2000\/svg\"><path stroke-linecap=\"round\" stroke-linejoin=\"round\" stroke-width=\"2\" d=\"M12 3v1m0 16v1m9-9h-1M4 12H3m15.364 6.364l-.707-.707M6.343 6.343l-.707-.707m12.728 0l-.707.707M6.343 17.657l-.707.707M16 12a4 4 0 11-8 0 4 4 0 018 0z\"><\/path><\/svg>\n      <\/div>\n      <h3 class=\"criteria-title\">L&rsquo;impact de l&rsquo;exposition solaire et de l&rsquo;ombrage<\/h3>\n    <\/div>\n    <p class=\"criteria-text\">L&rsquo;orientation de vos surfaces vitr\u00e9es est un crit\u00e8re absolument critique lors du bilan thermique. Si votre pi\u00e8ce b\u00e9n\u00e9ficie d&rsquo;une exposition plein sud ou ouest, elle subit de plein fouet le rayonnement direct de l&rsquo;apr\u00e8s-midi. Dans ce cas de figure, les recommandations officielles du <a href=\"https:\/\/www.energy.gov\/energysaver\/room-air-conditioners\" target=\"_blank\" rel=\"noreferrer noopener\">Department of Energy (US DOE)<\/a> am\u00e9ricain imposent d&rsquo;augmenter la puissance frigorifique de 10 % \u00e0 20 %. \u00c0 l&rsquo;inverse, si votre espace est fortement ombrag\u00e9 par des arbres ext\u00e9rieurs ou majoritairement orient\u00e9 au nord, vous pouvez vous permettre une r\u00e9duction de 10 % de la capacit\u00e9 th\u00e9orique.<\/p>\n  <\/div>\n\n  <div class=\"criteria-card card-users\">\n    <div class=\"criteria-header\">\n      <div class=\"criteria-icon-wrapper\">\n        <svg class=\"criteria-icon\" fill=\"none\" stroke=\"currentColor\" viewBox=\"0 0 24 24\" xmlns=\"http:\/\/www.w3.org\/2000\/svg\"><path stroke-linecap=\"round\" stroke-linejoin=\"round\" stroke-width=\"2\" d=\"M12 4.354a4 4 0 110 5.292M15 21H3v-1a6 6 0 0112 0v1zm0 0h6v-1a6 6 0 00-9-5.197M13 7a4 4 0 11-8 0 4 4 0 018 0z\"><\/path><\/svg>\n      <\/div>\n      <h3 class=\"criteria-title\">Le nombre d&rsquo;occupants dans la pi\u00e8ce<\/h3>\n    <\/div>\n    <p class=\"criteria-text\">On l&rsquo;oublie souvent, mais le corps humain dissipe naturellement de la chaleur, \u00e0 la fois de mani\u00e8re sensible et latente. Les mod\u00e8les de calcul consid\u00e8rent g\u00e9n\u00e9ralement une occupation par d\u00e9faut de deux personnes pour une pi\u00e8ce \u00e0 vivre. Pour chaque occupant suppl\u00e9mentaire r\u00e9gulier, il est imp\u00e9ratif d&rsquo;ajouter 600 BTU\/h (soit environ 175 W) \u00e0 la charge globale de l&rsquo;appareil. C&rsquo;est un d\u00e9tail fondamental \u00e0 prendre en compte si vous \u00e9quipez un grand salon familial tr\u00e8s fr\u00e9quent\u00e9 ou des bureaux en open space !<\/p>\n  <\/div>\n\n  <div class=\"criteria-card card-power\">\n    <div class=\"criteria-header\">\n      <div class=\"criteria-icon-wrapper\">\n        <svg class=\"criteria-icon\" fill=\"none\" stroke=\"currentColor\" viewBox=\"0 0 24 24\" xmlns=\"http:\/\/www.w3.org\/2000\/svg\"><path stroke-linecap=\"round\" stroke-linejoin=\"round\" stroke-width=\"2\" d=\"M13 10V3L4 14h7v7l9-11h-7z\"><\/path><\/svg>\n      <\/div>\n      <h3 class=\"criteria-title\">Les apports de chaleur de vos appareils \u00e9lectriques<\/h3>\n    <\/div>\n    <p class=\"criteria-text\">L&rsquo;usage quotidien de votre pi\u00e8ce dicte la pr\u00e9sence d&rsquo;\u00e9quipements g\u00e9n\u00e9rateurs de chaleur. Par exemple, si vous installez un climatiseur dans une cuisine (ou un grand salon ouvert sur une cuisine am\u00e9ricaine), la r\u00e8gle exige un ajout syst\u00e9matique de 4 000 BTU\/h (environ 1 170 W). Cette majoration est vitale pour pallier la chaleur d\u00e9gag\u00e9e par les plaques de cuisson et le four lors de la pr\u00e9paration des repas. De la m\u00eame mani\u00e8re, les espaces fortement num\u00e9ris\u00e9s (comme un bureau de t\u00e9l\u00e9travail avec plusieurs \u00e9crans et ordinateurs) n\u00e9cessitent un audit sp\u00e9cifique pour compenser la dissipation \u00e9lectrique.<\/p>\n  <\/div>\n\n  <div class=\"criteria-card card-zone\">\n    <div class=\"criteria-header\">\n      <div class=\"criteria-icon-wrapper\">\n        <svg class=\"criteria-icon\" fill=\"none\" stroke=\"currentColor\" viewBox=\"0 0 24 24\" xmlns=\"http:\/\/www.w3.org\/2000\/svg\"><path stroke-linecap=\"round\" stroke-linejoin=\"round\" stroke-width=\"2\" d=\"M17.657 16.657L13.414 20.9a1.998 1.998 0 01-2.827 0l-4.244-4.243a8 8 0 1111.314 0z\"><\/path><path stroke-linecap=\"round\" stroke-linejoin=\"round\" stroke-width=\"2\" d=\"M15 11a3 3 0 11-6 0 3 3 0 016 0z\"><\/path><\/svg>\n      <\/div>\n      <h3 class=\"criteria-title\">Votre zone climatique g\u00e9ographique en France<\/h3>\n    <\/div>\n    <p class=\"criteria-text\">La France est officiellement divis\u00e9e en trois zones climatiques principales pour la r\u00e9glementation thermique (H1, H2, H3). Naturellement, les besoins en rafra\u00eechissement d&rsquo;une maison situ\u00e9e sur le pourtour m\u00e9diterran\u00e9en (zone H3) sont beaucoup plus importants. L&rsquo;ensoleillement tr\u00e8s prolong\u00e9 et les temp\u00e9ratures de base estivales \u00e9lev\u00e9es de cette r\u00e9gion exigent un dimensionnement sup\u00e9rieur \u00e0 celui d&rsquo;un logement identique construit dans le nord de la France ou en r\u00e9gion parisienne (zone H1).<\/p>\n  <\/div>\n\n<\/div>\n\n\n\n<script type=\"application\/ld+json\">\n{\n  \"@context\": \"https:\/\/schema.org\",\n  \"@type\": \"FAQPage\",\n  \"mainEntity\": [\n    {\n      \"@type\": \"Question\",\n      \"name\": \"Quelle puissance de climatisation choisir pour 40 m\u00b2 ?\",\n      \"acceptedAnswer\": {\n        \"@type\": \"Answer\",\n        \"text\": \"Pour une pi\u00e8ce de 40 m\u00b2 avec une isolation standard, la puissance recommand\u00e9e se situe entre 3,5 kW et 5,2 kW, soit environ 12 000 \u00e0 18 000 BTU. Ce calcul peut varier selon la hauteur sous plafond et l'exposition solaire.\"\n      }\n    },\n    {\n      \"@type\": \"Question\",\n      \"name\": \"Comment convertir les BTU en kW ?\",\n      \"acceptedAnswer\": {\n        \"@type\": \"Answer\",\n        \"text\": \"La conversion standard utilis\u00e9e par les professionnels consiste \u00e0 diviser la valeur en BTU par 3 415 pour obtenir la puissance en kilowatts (kW). \u00c0 l'inverse, multipliez vos kW par 3 415 pour obtenir les BTU.\"\n      }\n    },\n    {\n      \"@type\": \"Question\",\n      \"name\": \"Pourquoi faut-il \u00e9viter un climatiseur trop puissant ?\",\n      \"acceptedAnswer\": {\n        \"@type\": \"Answer\",\n        \"text\": \"Un appareil surdimensionn\u00e9 provoque des cycles courts (short-cycling) : le compresseur s'arr\u00eate trop vite, emp\u00eachant la d\u00e9shumidification de l'air. Cela entra\u00eene un inconfort humide, une surconsommation \u00e9lectrique et une usure pr\u00e9matur\u00e9e du mat\u00e9riel.\"\n      }\n    },\n    {\n      \"@type\": \"Question\",\n      \"name\": \"Combien de BTU faut-il pr\u00e9voir par m\u00e8tre cube ?\",\n      \"acceptedAnswer\": {\n        \"@type\": \"Answer\",\n        \"text\": \"La m\u00e9thode de calcul volum\u00e9trique de base pr\u00e9conise d'allouer 100 BTU par m\u00e8tre cube. Il faut ensuite ajouter 1 000 BTU pour chaque paroi vitr\u00e9e afin de compenser les apports thermiques solaires.\"\n      }\n    },\n    {\n      \"@type\": \"Question\",\n      \"name\": \"Quelle est l'influence de l'isolation sur la puissance n\u00e9cessaire ?\",\n      \"acceptedAnswer\": {\n        \"@type\": \"Answer\",\n        \"text\": \"L'isolation est d\u00e9terminante : un logement aux normes RE2020 n\u00e9cessite environ 65 W\/m\u00b2, tandis qu'une maison ancienne non r\u00e9nov\u00e9e peut exiger plus de 125 W\/m\u00b2 pour garantir un rafra\u00eechissement efficace.\"\n      }\n    },\n    {\n      \"@type\": \"Question\",\n      \"name\": \"Faut-il augmenter la puissance pour une clim r\u00e9versible ?\",\n      \"acceptedAnswer\": {\n        \"@type\": \"Answer\",\n        \"text\": \"Oui, pour les syst\u00e8mes r\u00e9versibles assurant le chauffage, il est conseill\u00e9 d'appliquer une majoration de 15 % \u00e0 20 % sur la puissance calcul\u00e9e. Cela permet de compenser la perte de rendement lorsque les temp\u00e9ratures ext\u00e9rieures chutent.\"\n      }\n    }\n  ]\n}\n<\/script>\n\n<style>\n    .faq-container {\n        max-width: 900px;\n        margin: 2rem auto;\n        padding: 0 1rem;\n    }\n\n    .faq-title {\n        margin-bottom: 1.5rem;\n        color: inherit;\n        font-weight: 700;\n        line-height: 1.3;\n    }\n\n    .faq-item {\n        background: #ffffff;\n        border: 1px solid #e5e7eb;\n        border-radius: 8px;\n        margin-bottom: 1rem;\n        overflow: hidden;\n        transition: all 0.3s ease;\n    }\n\n    .faq-item:hover {\n        border-color: #d1d5db;\n        box-shadow: 0 4px 6px -1px rgba(0, 0, 0, 0.1);\n    }\n\n    .faq-question {\n        padding: 1.25rem;\n        width: 100%;\n        display: flex;\n        justify-content: space-between;\n        align-items: center;\n        cursor: pointer;\n        border: none;\n        background: none;\n        text-align: left;\n        color: inherit;\n        font-size: 1.1rem;\n        font-weight: 600;\n    }\n\n    .faq-answer {\n        max-height: 0;\n        overflow: hidden;\n        transition: max-height 0.3s ease-out;\n        background-color: #f9fafb;\n    }\n\n    .faq-answer-content {\n        padding: 0 1.25rem 1.25rem;\n        line-height: 1.6;\n        opacity: 0.9;\n    }\n\n    .faq-icon {\n        width: 20px;\n        height: 20px;\n        transition: transform 0.3s ease;\n    }\n\n    \/* \u00c9tat ouvert *\/\n    .faq-item.active .faq-answer {\n        max-height: 200px;\n    }\n\n    .faq-item.active .faq-icon {\n        transform: rotate(180deg);\n    }\n\n    .faq-item.active {\n        border-color: #3b82f6; \/* Accent subtil bleu *\/\n    }\n<\/style>\n\n<div class=\"faq-container\">\n    <h2 class=\"faq-title\"><span class=\"ez-toc-section\" id=\"FAQ_de_vos_questions_frequentes_sur_le_calcul_de_puissance_dun_climatiseur\"><\/span>FAQ de vos questions fr\u00e9quentes sur le calcul de puissance d&rsquo;un climatiseur<span class=\"ez-toc-section-end\"><\/span><\/h2>\n\n    <div class=\"faq-item\">\n        <button class=\"faq-question\" onclick=\"toggleFaq(this)\">\n            Quelle puissance de climatisation choisir pour 40 m\u00b2 ?\n            <svg class=\"faq-icon\" fill=\"none\" stroke=\"currentColor\" viewBox=\"0 0 24 24\"><path stroke-linecap=\"round\" stroke-linejoin=\"round\" stroke-width=\"2\" d=\"M19 9l-7 7-7-7\"><\/path><\/svg>\n        <\/button>\n        <div class=\"faq-answer\">\n            <div class=\"faq-answer-content\">\n                Pour une pi\u00e8ce de 40 m\u00b2 avec une isolation standard, la puissance recommand\u00e9e se situe entre 3,5 kW et 5,2 kW, soit environ 12 000 \u00e0 18 000 BTU[cite: 58, 59]. Ce calcul peut varier selon la hauteur sous plafond et l&rsquo;exposition solaire[cite: 33, 63].\n            <\/div>\n        <\/div>\n    <\/div>\n\n    <div class=\"faq-item\">\n        <button class=\"faq-question\" onclick=\"toggleFaq(this)\">\n            Comment convertir les BTU en kW ?\n            <svg class=\"faq-icon\" fill=\"none\" stroke=\"currentColor\" viewBox=\"0 0 24 24\"><path stroke-linecap=\"round\" stroke-linejoin=\"round\" stroke-width=\"2\" d=\"M19 9l-7 7-7-7\"><\/path><\/svg>\n        <\/button>\n        <div class=\"faq-answer\">\n            <div class=\"faq-answer-content\">\n                La conversion standard utilis\u00e9e par les professionnels consiste \u00e0 diviser la valeur en BTU par 3 415 pour obtenir la puissance en kilowatts (kW)[cite: 31, 40]. \u00c0 l&rsquo;inverse, multipliez vos kW par 3 415 pour obtenir les BTU.\n            <\/div>\n        <\/div>\n    <\/div>\n\n    <div class=\"faq-item\">\n        <button class=\"faq-question\" onclick=\"toggleFaq(this)\">\n            Pourquoi faut-il \u00e9viter un climatiseur trop puissant ?\n            <svg class=\"faq-icon\" fill=\"none\" stroke=\"currentColor\" viewBox=\"0 0 24 24\"><path stroke-linecap=\"round\" stroke-linejoin=\"round\" stroke-width=\"2\" d=\"M19 9l-7 7-7-7\"><\/path><\/svg>\n        <\/button>\n        <div class=\"faq-answer\">\n            <div class=\"faq-answer-content\">\n                Un appareil surdimensionn\u00e9 provoque des cycles courts (short-cycling) : le compresseur s&rsquo;arr\u00eate trop vite, emp\u00eachant la d\u00e9shumidification de l&rsquo;air[cite: 7, 9]. Cela entra\u00eene un inconfort humide, une surconsommation \u00e9lectrique et une usure pr\u00e9matur\u00e9e du mat\u00e9riel[cite: 10, 21].\n            <\/div>\n        <\/div>\n    <\/div>\n\n    <div class=\"faq-item\">\n        <button class=\"faq-question\" onclick=\"toggleFaq(this)\">\n            Combien de BTU faut-il pr\u00e9voir par m\u00e8tre cube ?\n            <svg class=\"faq-icon\" fill=\"none\" stroke=\"currentColor\" viewBox=\"0 0 24 24\"><path stroke-linecap=\"round\" stroke-linejoin=\"round\" stroke-width=\"2\" d=\"M19 9l-7 7-7-7\"><\/path><\/svg>\n        <\/button>\n        <div class=\"faq-answer\">\n            <div class=\"faq-answer-content\">\n                La m\u00e9thode de calcul volum\u00e9trique de base pr\u00e9conise d&rsquo;allouer 100 BTU par m\u00e8tre cube[cite: 34, 37]. Il faut ensuite ajouter 1 000 BTU pour chaque paroi vitr\u00e9e afin de compenser les apports thermiques solaires[cite: 39].\n            <\/div>\n        <\/div>\n    <\/div>\n\n    <div class=\"faq-item\">\n        <button class=\"faq-question\" onclick=\"toggleFaq(this)\">\n            Quelle est l&rsquo;influence de l&rsquo;isolation sur la puissance n\u00e9cessaire ?\n            <svg class=\"faq-icon\" fill=\"none\" stroke=\"currentColor\" viewBox=\"0 0 24 24\"><path stroke-linecap=\"round\" stroke-linejoin=\"round\" stroke-width=\"2\" d=\"M19 9l-7 7-7-7\"><\/path><\/svg>\n        <\/button>\n        <div class=\"faq-answer\">\n            <div class=\"faq-answer-content\">\n                L&rsquo;isolation est d\u00e9terminante : un logement aux normes RE2020 n\u00e9cessite environ 65 W\/m\u00b2, tandis qu&rsquo;une maison ancienne non r\u00e9nov\u00e9e peut exiger plus de 125 W\/m\u00b2 pour garantir un rafra\u00eechissement efficace[cite: 48, 54].\n            <\/div>\n        <\/div>\n    <\/div>\n\n    <div class=\"faq-item\">\n        <button class=\"faq-question\" onclick=\"toggleFaq(this)\">\n            Faut-il augmenter la puissance pour une clim r\u00e9versible ?\n            <svg class=\"faq-icon\" fill=\"none\" stroke=\"currentColor\" viewBox=\"0 0 24 24\"><path stroke-linecap=\"round\" stroke-linejoin=\"round\" stroke-width=\"2\" d=\"M19 9l-7 7-7-7\"><\/path><\/svg>\n        <\/button>\n        <div class=\"faq-answer\">\n            <div class=\"faq-answer-content\">\n                Oui, pour les syst\u00e8mes r\u00e9versibles assurant le chauffage, il est conseill\u00e9 d&rsquo;appliquer une majoration de 15 % \u00e0 20 % sur la puissance calcul\u00e9e[cite: 55]. Cela permet de compenser la perte de rendement lorsque les temp\u00e9ratures ext\u00e9rieures chutent[cite: 56].\n            <\/div>\n        <\/div>\n    <\/div>\n<\/div>\n\n<script>\n    function toggleFaq(element) {\n        const item = element.parentElement;\n        item.classList.toggle('active');\n        \n        \/\/ Fermer les autres accord\u00e9ons (optionnel, pour une meilleure UX)\n        const allItems = document.querySelectorAll('.faq-item');\n        allItems.forEach(i => {\n            if (i !== item) {\n                i.classList.remove('active');\n            }\n        });\n    }\n<\/script>\n\n\n\n<p><strong>\ud83d\udc4c Vous avez appr\u00e9ci\u00e9 nos conseils pour savoir comment calculer la puissance d\u2019un climatiseur ? Lisez les autres articles <a href=\"https:\/\/www.discountetqualite.fr\/blog\/nos-conseils\/\" target=\"_blank\" rel=\"noreferrer noopener\">\u00ab\u00a0nos conseils\u00a0\u00bb<\/a><\/strong><\/p>\n\n\n\n\t\t\t<div class=\"wp-block-uagb-post-grid uagb-post-grid  uagb-post__image-position-top uagb-post__image-enabled uagb-block-9345896d     uagb-post__items uagb-post__columns-2 is-grid uagb-post__columns-tablet-2 uagb-post__columns-mobile-1 uagb-post__equal-height\" data-total=\"86\" style=\"\">\n\n\t\t\t\t\t\t\t\t\t\t\t\t<article class=\"uagb-post__inner-wrap\">\t\t\t\t\t\t\t\t<div class='uagb-post__image'>\n\t\t\t\t\t\t\t\t\t<a href=\"https:\/\/www.discountetqualite.fr\/blog\/nos-conseils\/calculer-puissance-climatiseur\/\" target=\"_self\" rel=\"bookmark noopener noreferrer\" class='uagb-image-ratio-inherit'><img loading=\"lazy\" decoding=\"async\" width=\"1024\" height=\"768\" src=\"https:\/\/www.discountetqualite.fr\/blog\/wp-content\/uploads\/2026\/04\/calculer-puissance-climatiseur-1024x768.jpg\" class=\"attachment-large size-large\" alt=\"Comment calculer la puissance d\u2019un climatiseur ?\" srcset=\"https:\/\/www.discountetqualite.fr\/blog\/wp-content\/uploads\/2026\/04\/calculer-puissance-climatiseur-1024x768.jpg 1024w, https:\/\/www.discountetqualite.fr\/blog\/wp-content\/uploads\/2026\/04\/calculer-puissance-climatiseur-300x225.jpg 300w, https:\/\/www.discountetqualite.fr\/blog\/wp-content\/uploads\/2026\/04\/calculer-puissance-climatiseur-768x576.jpg 768w, https:\/\/www.discountetqualite.fr\/blog\/wp-content\/uploads\/2026\/04\/calculer-puissance-climatiseur.jpg 1280w\" sizes=\"auto, (max-width: 1024px) 100vw, 1024px\" \/>\t\t\t\t\t<\/a>\n\t\t\t\t\t\t\t<\/div>\n\t\t\t\t\t\t<h4 class=\"uagb-post__title uagb-post__text\">\n\t\t\t\t<a href=\"https:\/\/www.discountetqualite.fr\/blog\/nos-conseils\/calculer-puissance-climatiseur\/\" target=\"_self\" rel=\"bookmark noopener noreferrer\">Comment calculer la puissance d\u2019un climatiseur ?<\/a>\n\t\t\t<\/h4>\n\t\t\t\t\t\t<div class='uagb-post__text uagb-post-grid-byline'>\n\t\t\t\t\t\t\t\t<time datetime=\"2026-04-29T12:14:08+02:00\" class=\"uagb-post__date\">\n\t\t\t\t<span class=\"dashicons-calendar dashicons\"><\/span>\t\t\t\t\t29 avril 2026\t\t\t\t<\/time>\n\t\t\t\t\t\t<\/div>\n\t\t\t\t\t\t\t<div class='uagb-post__text uagb-post__excerpt'>\n\t\t\t\t\t<p>Vous craignez de voir votre facture d&rsquo;\u00e9lectricit\u00e9 exploser cet \u00e9t\u00e9 \u00e0 cause d&rsquo;une&#8230;\t\t\t\t<\/div>\n\t\t\t\t\t\t<div class=\"uagb-post__text uagb-post__cta wp-block-button\">\n\t\t\t\t<a class=\"wp-block-button__link uagb-text-link\" href=\"https:\/\/www.discountetqualite.fr\/blog\/nos-conseils\/calculer-puissance-climatiseur\/\" target=\"_self\" rel=\"bookmark noopener noreferrer\">Lire la suite<\/a>\n\t\t\t<\/div>\n\t\t\t\t\t\t\t\t\t\t\t\t<\/article>\n\t\t\t\t\t\t\t\t\t\t\t\t\t\t\t\t<article class=\"uagb-post__inner-wrap\">\t\t\t\t\t\t\t\t<div class='uagb-post__image'>\n\t\t\t\t\t\t\t\t\t<a href=\"https:\/\/www.discountetqualite.fr\/blog\/nos-conseils\/quel-climatiseur-choisir-chambre\/\" target=\"_self\" rel=\"bookmark noopener noreferrer\" class='uagb-image-ratio-inherit'><img loading=\"lazy\" decoding=\"async\" width=\"1024\" height=\"768\" src=\"https:\/\/www.discountetqualite.fr\/blog\/wp-content\/uploads\/2026\/04\/quel-climatiseur-choisir-chambre-1024x768.jpg\" class=\"attachment-large size-large\" alt=\"Quel climatiseur choisir pour une chambre : exemple d&#039;une unit\u00e9 murale split design install\u00e9e dans une suite parentale moderne.\" srcset=\"https:\/\/www.discountetqualite.fr\/blog\/wp-content\/uploads\/2026\/04\/quel-climatiseur-choisir-chambre-1024x768.jpg 1024w, https:\/\/www.discountetqualite.fr\/blog\/wp-content\/uploads\/2026\/04\/quel-climatiseur-choisir-chambre-300x225.jpg 300w, https:\/\/www.discountetqualite.fr\/blog\/wp-content\/uploads\/2026\/04\/quel-climatiseur-choisir-chambre-768x576.jpg 768w, https:\/\/www.discountetqualite.fr\/blog\/wp-content\/uploads\/2026\/04\/quel-climatiseur-choisir-chambre.jpg 1280w\" sizes=\"auto, (max-width: 1024px) 100vw, 1024px\" \/>\t\t\t\t\t<\/a>\n\t\t\t\t\t\t\t<\/div>\n\t\t\t\t\t\t<h4 class=\"uagb-post__title uagb-post__text\">\n\t\t\t\t<a href=\"https:\/\/www.discountetqualite.fr\/blog\/nos-conseils\/quel-climatiseur-choisir-chambre\/\" target=\"_self\" rel=\"bookmark noopener noreferrer\">Quel climatiseur choisir pour une chambre ?<\/a>\n\t\t\t<\/h4>\n\t\t\t\t\t\t<div class='uagb-post__text uagb-post-grid-byline'>\n\t\t\t\t\t\t\t\t<time datetime=\"2026-04-24T12:14:06+02:00\" class=\"uagb-post__date\">\n\t\t\t\t<span class=\"dashicons-calendar dashicons\"><\/span>\t\t\t\t\t24 avril 2026\t\t\t\t<\/time>\n\t\t\t\t\t\t<\/div>\n\t\t\t\t\t\t\t<div class='uagb-post__text uagb-post__excerpt'>\n\t\t\t\t\t<p>Les nuits d&rsquo;\u00e9t\u00e9 \u00e9touffantes ruinent votre sommeil ? Vous n&rsquo;\u00eates pas seul. Trouver&#8230;\t\t\t\t<\/div>\n\t\t\t\t\t\t<div class=\"uagb-post__text uagb-post__cta wp-block-button\">\n\t\t\t\t<a class=\"wp-block-button__link uagb-text-link\" href=\"https:\/\/www.discountetqualite.fr\/blog\/nos-conseils\/quel-climatiseur-choisir-chambre\/\" target=\"_self\" rel=\"bookmark noopener noreferrer\">Lire la suite<\/a>\n\t\t\t<\/div>\n\t\t\t\t\t\t\t\t\t\t\t\t<\/article>\n\t\t\t\t\t\t\t\t\t\t\t\t\t\t\t\t<article class=\"uagb-post__inner-wrap\">\t\t\t\t\t\t\t\t<div class='uagb-post__image'>\n\t\t\t\t\t\t\t\t\t<a href=\"https:\/\/www.discountetqualite.fr\/blog\/nos-conseils\/achat-pose-prix-climatiseur-fixe\/\" target=\"_self\" rel=\"bookmark noopener noreferrer\" class='uagb-image-ratio-inherit'><img loading=\"lazy\" decoding=\"async\" width=\"1024\" height=\"768\" src=\"https:\/\/www.discountetqualite.fr\/blog\/wp-content\/uploads\/2026\/04\/coute-prix-climatiseur-fixe-1024x768.jpg\" class=\"attachment-large size-large\" alt=\"Un climatiseur fixe moderne de type monosplit install\u00e9 sur un mur blanc, illustrant l&#039;achat et la pose d&#039;une climatisation r\u00e9versible dans un salon.\" srcset=\"https:\/\/www.discountetqualite.fr\/blog\/wp-content\/uploads\/2026\/04\/coute-prix-climatiseur-fixe-1024x768.jpg 1024w, https:\/\/www.discountetqualite.fr\/blog\/wp-content\/uploads\/2026\/04\/coute-prix-climatiseur-fixe-300x225.jpg 300w, https:\/\/www.discountetqualite.fr\/blog\/wp-content\/uploads\/2026\/04\/coute-prix-climatiseur-fixe-768x576.jpg 768w, https:\/\/www.discountetqualite.fr\/blog\/wp-content\/uploads\/2026\/04\/coute-prix-climatiseur-fixe.jpg 1280w\" sizes=\"auto, (max-width: 1024px) 100vw, 1024px\" \/>\t\t\t\t\t<\/a>\n\t\t\t\t\t\t\t<\/div>\n\t\t\t\t\t\t<h4 class=\"uagb-post__title uagb-post__text\">\n\t\t\t\t<a href=\"https:\/\/www.discountetqualite.fr\/blog\/nos-conseils\/achat-pose-prix-climatiseur-fixe\/\" target=\"_self\" rel=\"bookmark noopener noreferrer\">Achat et pose : combien co\u00fbte un climatiseur fixe ?<\/a>\n\t\t\t<\/h4>\n\t\t\t\t\t\t<div class='uagb-post__text uagb-post-grid-byline'>\n\t\t\t\t\t\t\t\t<time datetime=\"2026-04-22T12:33:44+02:00\" class=\"uagb-post__date\">\n\t\t\t\t<span class=\"dashicons-calendar dashicons\"><\/span>\t\t\t\t\t22 avril 2026\t\t\t\t<\/time>\n\t\t\t\t\t\t<\/div>\n\t\t\t\t\t\t\t<div class='uagb-post__text uagb-post__excerpt'>\n\t\t\t\t\t<p>Vous suffoquez l&rsquo;\u00e9t\u00e9 et grelottez l&rsquo;hiver ? L&rsquo;achat et la pose d&rsquo;un climatiseur&#8230;\t\t\t\t<\/div>\n\t\t\t\t\t\t<div class=\"uagb-post__text uagb-post__cta wp-block-button\">\n\t\t\t\t<a class=\"wp-block-button__link uagb-text-link\" href=\"https:\/\/www.discountetqualite.fr\/blog\/nos-conseils\/achat-pose-prix-climatiseur-fixe\/\" target=\"_self\" rel=\"bookmark noopener noreferrer\">Lire la suite<\/a>\n\t\t\t<\/div>\n\t\t\t\t\t\t\t\t\t\t\t\t<\/article>\n\t\t\t\t\t\t\t\t\t\t\t\t\t\t\t\t<article class=\"uagb-post__inner-wrap\">\t\t\t\t\t\t\t\t<div class='uagb-post__image'>\n\t\t\t\t\t\t\t\t\t<a href=\"https:\/\/www.discountetqualite.fr\/blog\/nos-conseils\/calfeutrer-fenetre-climatiseur-mobile\/\" target=\"_self\" rel=\"bookmark noopener noreferrer\" class='uagb-image-ratio-inherit'><img loading=\"lazy\" decoding=\"async\" width=\"1024\" height=\"768\" src=\"https:\/\/www.discountetqualite.fr\/blog\/wp-content\/uploads\/2026\/04\/calfeutrer-fenetre-climatiseur-mobile-1024x768.jpg\" class=\"attachment-large size-large\" alt=\"Climatiseur mobile blanc Techwood avec texte explicatif sur comment calfeutrer une fen\u00eatre.\" srcset=\"https:\/\/www.discountetqualite.fr\/blog\/wp-content\/uploads\/2026\/04\/calfeutrer-fenetre-climatiseur-mobile-1024x768.jpg 1024w, https:\/\/www.discountetqualite.fr\/blog\/wp-content\/uploads\/2026\/04\/calfeutrer-fenetre-climatiseur-mobile-300x225.jpg 300w, https:\/\/www.discountetqualite.fr\/blog\/wp-content\/uploads\/2026\/04\/calfeutrer-fenetre-climatiseur-mobile-768x576.jpg 768w, https:\/\/www.discountetqualite.fr\/blog\/wp-content\/uploads\/2026\/04\/calfeutrer-fenetre-climatiseur-mobile.jpg 1280w\" sizes=\"auto, (max-width: 1024px) 100vw, 1024px\" \/>\t\t\t\t\t<\/a>\n\t\t\t\t\t\t\t<\/div>\n\t\t\t\t\t\t<h4 class=\"uagb-post__title uagb-post__text\">\n\t\t\t\t<a href=\"https:\/\/www.discountetqualite.fr\/blog\/nos-conseils\/calfeutrer-fenetre-climatiseur-mobile\/\" target=\"_self\" rel=\"bookmark noopener noreferrer\">Comment calfeutrer une fen\u00eatre pour un climatiseur ?<\/a>\n\t\t\t<\/h4>\n\t\t\t\t\t\t<div class='uagb-post__text uagb-post-grid-byline'>\n\t\t\t\t\t\t\t\t<time datetime=\"2026-04-19T12:33:52+02:00\" class=\"uagb-post__date\">\n\t\t\t\t<span class=\"dashicons-calendar dashicons\"><\/span>\t\t\t\t\t19 avril 2026\t\t\t\t<\/time>\n\t\t\t\t\t\t<\/div>\n\t\t\t\t\t\t\t<div class='uagb-post__text uagb-post__excerpt'>\n\t\t\t\t\t<p>Votre appareil tourne \u00e0 plein r\u00e9gime, mais la pi\u00e8ce reste d\u00e9sesp\u00e9r\u00e9ment chaude ?&#8230;\t\t\t\t<\/div>\n\t\t\t\t\t\t<div class=\"uagb-post__text uagb-post__cta wp-block-button\">\n\t\t\t\t<a class=\"wp-block-button__link uagb-text-link\" href=\"https:\/\/www.discountetqualite.fr\/blog\/nos-conseils\/calfeutrer-fenetre-climatiseur-mobile\/\" target=\"_self\" rel=\"bookmark noopener noreferrer\">Lire la suite<\/a>\n\t\t\t<\/div>\n\t\t\t\t\t\t\t\t\t\t\t\t<\/article>\n\t\t\t\t\t\t\t\t\t\t\t<\/div>\n\t\t\t","protected":false},"excerpt":{"rendered":"<p>Vous craignez de voir votre facture d&rsquo;\u00e9lectricit\u00e9 exploser cet \u00e9t\u00e9 \u00e0 cause d&rsquo;une climatisation mal adapt\u00e9e ? Savoir comment calculer la puissance d\u2019un climatiseur est la premi\u00e8re \u00e9tape indispensable avant tout achat. Que vous soyez perdu entre les BTU et les kW, ou que vous cherchiez simplement la correspondance exacte pour une pi\u00e8ce de 40 [&hellip;]<\/p>\n","protected":false},"author":2,"featured_media":14033,"comment_status":"closed","ping_status":"open","sticky":false,"template":"","format":"standard","meta":{"_seopress_robots_primary_cat":"","_seopress_titles_title":"Calculer la puissance d'un climatiseur : Calculateur en 2 minutes !","_seopress_titles_desc":"D\u00e9couvrez comment calculer la puissance de votre climatiseur en BTU et kW. Bilan thermique, conversion et tableau des surfaces pour bien dimensionner sa clim.","_seopress_robots_index":"","inline_featured_image":false,"_uag_custom_page_level_css":"","cybocfi_hide_featured_image":"yes","iawp_total_views":1,"_jetpack_memberships_contains_paid_content":false,"footnotes":""},"categories":[13,8],"tags":[],"class_list":["post-14022","post","type-post","status-publish","format-standard","has-post-thumbnail","hentry","category-conseils-economies-ecologie","category-nos-conseils"],"jetpack_featured_media_url":"https:\/\/www.discountetqualite.fr\/blog\/wp-content\/uploads\/2026\/04\/calculer-puissance-climatiseur.jpg","uagb_featured_image_src":{"full":["https:\/\/www.discountetqualite.fr\/blog\/wp-content\/uploads\/2026\/04\/calculer-puissance-climatiseur.jpg",1280,960,false],"thumbnail":["https:\/\/www.discountetqualite.fr\/blog\/wp-content\/uploads\/2026\/04\/calculer-puissance-climatiseur-150x150.jpg",150,150,true],"medium":["https:\/\/www.discountetqualite.fr\/blog\/wp-content\/uploads\/2026\/04\/calculer-puissance-climatiseur-300x225.jpg",300,225,true],"medium_large":["https:\/\/www.discountetqualite.fr\/blog\/wp-content\/uploads\/2026\/04\/calculer-puissance-climatiseur-768x576.jpg",768,576,true],"large":["https:\/\/www.discountetqualite.fr\/blog\/wp-content\/uploads\/2026\/04\/calculer-puissance-climatiseur-1024x768.jpg",1024,768,true],"1536x1536":["https:\/\/www.discountetqualite.fr\/blog\/wp-content\/uploads\/2026\/04\/calculer-puissance-climatiseur.jpg",1280,960,false],"2048x2048":["https:\/\/www.discountetqualite.fr\/blog\/wp-content\/uploads\/2026\/04\/calculer-puissance-climatiseur.jpg",1280,960,false]},"uagb_author_info":{"display_name":"Vincent Pillet","author_link":"https:\/\/www.discountetqualite.fr\/blog\/author\/vincentdq\/"},"uagb_comment_info":0,"uagb_excerpt":"Vous craignez de voir votre facture d&rsquo;\u00e9lectricit\u00e9 exploser cet \u00e9t\u00e9 \u00e0 cause d&rsquo;une climatisation mal adapt\u00e9e ? Savoir comment calculer la puissance d\u2019un climatiseur est la premi\u00e8re \u00e9tape indispensable avant tout achat. Que vous soyez perdu entre les BTU et les kW, ou que vous cherchiez simplement la correspondance exacte pour une pi\u00e8ce de 40\u2026","jetpack-related-posts":[{"id":13284,"url":"https:\/\/www.discountetqualite.fr\/blog\/nos-conseils\/panneaux-solaires-climatiseur-combien\/","url_meta":{"origin":14022,"position":0},"title":"Combien de panneau solaire pour alimenter un climatiseur\u200b ?","author":"Vincent Pillet","date":"30 juin 2025","format":false,"excerpt":"Votre clim tourne \u00e0 plein r\u00e9gime et vous vous demandez combien de panneaux solaires suffiraient pour l\u2019alimenter sans exploser la facture ?Entre puissance nominale, ensoleillement et pics de d\u00e9marrage, la r\u00e9ponse semble mouvante. Pas de panique : notre guide vous livre un calcul express, suivi de la m\u00e9thode d\u00e9taill\u00e9e pour\u2026","rel":"","context":"Dans &quot;\u00c9conomies et \u00e9cologie&quot;","block_context":{"text":"\u00c9conomies et \u00e9cologie","link":"https:\/\/www.discountetqualite.fr\/blog\/nos-conseils\/conseils-economies-ecologie\/"},"img":{"alt_text":"Combien de panneau solaire pour alimenter un climatiseur\u200b","src":"https:\/\/i0.wp.com\/www.discountetqualite.fr\/blog\/wp-content\/uploads\/2025\/06\/Combien-de-panneau-solaire-pour-alimenter-un-climatiseur%E2%80%8B.jpg?resize=350%2C200&ssl=1","width":350,"height":200,"srcset":"https:\/\/i0.wp.com\/www.discountetqualite.fr\/blog\/wp-content\/uploads\/2025\/06\/Combien-de-panneau-solaire-pour-alimenter-un-climatiseur%E2%80%8B.jpg?resize=350%2C200&ssl=1 1x, https:\/\/i0.wp.com\/www.discountetqualite.fr\/blog\/wp-content\/uploads\/2025\/06\/Combien-de-panneau-solaire-pour-alimenter-un-climatiseur%E2%80%8B.jpg?resize=525%2C300&ssl=1 1.5x, https:\/\/i0.wp.com\/www.discountetqualite.fr\/blog\/wp-content\/uploads\/2025\/06\/Combien-de-panneau-solaire-pour-alimenter-un-climatiseur%E2%80%8B.jpg?resize=700%2C400&ssl=1 2x, https:\/\/i0.wp.com\/www.discountetqualite.fr\/blog\/wp-content\/uploads\/2025\/06\/Combien-de-panneau-solaire-pour-alimenter-un-climatiseur%E2%80%8B.jpg?resize=1050%2C600&ssl=1 3x"},"classes":[]},{"id":4023,"url":"https:\/\/www.discountetqualite.fr\/blog\/nos-conseils\/climatiseur-coule-interieur-fuite-reparation\/","url_meta":{"origin":14022,"position":1},"title":"Climatiseur qui coule \u00e0 l&rsquo;int\u00e9rieur : origines de la fuite et r\u00e9paration","author":"Vincent Pillet","date":"26 juillet 2024","format":false,"excerpt":"Un climatiseur qui coule \u00e0 l'int\u00e9rieur d\u2019un logement est susceptible de causer des dommages ainsi que d\u2019\u00e9ventuels frais de r\u00e9paration. G\u00e9n\u00e9ralement, les fuites de climatisation surviennent durant l\u2019\u00e9t\u00e9 et les mois les plus chauds, puisque les appareils sont plus sollicit\u00e9s. Pour s'\u00e9pargner d\u2019importants co\u00fbts de r\u00e9paration, il est essentiel de\u2026","rel":"","context":"Dans &quot;Bricolage&quot;","block_context":{"text":"Bricolage","link":"https:\/\/www.discountetqualite.fr\/blog\/nos-conseils\/conseils-brico\/"},"img":{"alt_text":"Climatiseur qui coule a\u0300 l'inte\u0301rieur","src":"https:\/\/i0.wp.com\/www.discountetqualite.fr\/blog\/wp-content\/uploads\/2024\/07\/Climatiseur-qui-coule-a-linterieur.jpg?resize=350%2C200&ssl=1","width":350,"height":200,"srcset":"https:\/\/i0.wp.com\/www.discountetqualite.fr\/blog\/wp-content\/uploads\/2024\/07\/Climatiseur-qui-coule-a-linterieur.jpg?resize=350%2C200&ssl=1 1x, https:\/\/i0.wp.com\/www.discountetqualite.fr\/blog\/wp-content\/uploads\/2024\/07\/Climatiseur-qui-coule-a-linterieur.jpg?resize=525%2C300&ssl=1 1.5x, https:\/\/i0.wp.com\/www.discountetqualite.fr\/blog\/wp-content\/uploads\/2024\/07\/Climatiseur-qui-coule-a-linterieur.jpg?resize=700%2C400&ssl=1 2x, https:\/\/i0.wp.com\/www.discountetqualite.fr\/blog\/wp-content\/uploads\/2024\/07\/Climatiseur-qui-coule-a-linterieur.jpg?resize=1050%2C600&ssl=1 3x"},"classes":[]},{"id":13962,"url":"https:\/\/www.discountetqualite.fr\/blog\/nos-conseils\/climatiseur-maison-100m2-puissance-prix\/","url_meta":{"origin":14022,"position":2},"title":"Quel climatiseur pour une maison de 100m2 ?","author":"Vincent Pillet","date":"26 mars 2026","format":false,"excerpt":"Les \u00e9t\u00e9s caniculaires s'encha\u00eenent et vous envisagez de franchir le pas pour rafra\u00eechir (et chauffer !) l'ensemble de votre habitation. Mais quel climatiseur pour une maison de 100m2 faut-il vraiment choisir ? Entre les vendeurs qui vous recommandent des puissances surdimensionn\u00e9es, le casse-t\u00eate du choix entre unit\u00e9s murales et syst\u00e8me\u2026","rel":"","context":"Dans &quot;\u00c9conomies et \u00e9cologie&quot;","block_context":{"text":"\u00c9conomies et \u00e9cologie","link":"https:\/\/www.discountetqualite.fr\/blog\/nos-conseils\/conseils-economies-ecologie\/"},"img":{"alt_text":"quel climatiseur pour maison 100m2 choix climatisation split mural puissance climatisation logement 100m2","src":"https:\/\/i0.wp.com\/www.discountetqualite.fr\/blog\/wp-content\/uploads\/2026\/03\/quel-climatiseur-maison-surface-100m2.jpg?resize=350%2C200&ssl=1","width":350,"height":200,"srcset":"https:\/\/i0.wp.com\/www.discountetqualite.fr\/blog\/wp-content\/uploads\/2026\/03\/quel-climatiseur-maison-surface-100m2.jpg?resize=350%2C200&ssl=1 1x, https:\/\/i0.wp.com\/www.discountetqualite.fr\/blog\/wp-content\/uploads\/2026\/03\/quel-climatiseur-maison-surface-100m2.jpg?resize=525%2C300&ssl=1 1.5x, https:\/\/i0.wp.com\/www.discountetqualite.fr\/blog\/wp-content\/uploads\/2026\/03\/quel-climatiseur-maison-surface-100m2.jpg?resize=700%2C400&ssl=1 2x, https:\/\/i0.wp.com\/www.discountetqualite.fr\/blog\/wp-content\/uploads\/2026\/03\/quel-climatiseur-maison-surface-100m2.jpg?resize=1050%2C600&ssl=1 3x"},"classes":[]},{"id":13283,"url":"https:\/\/www.discountetqualite.fr\/blog\/nos-conseils\/installation-climatiseur-prix-2025\/","url_meta":{"origin":14022,"position":3},"title":"Combien coute l&rsquo;installation d&rsquo;un climatiseur ?","author":"Vincent Pillet","date":"3 juillet 2025","format":false,"excerpt":"Vous pr\u00e9voyez d\u2019installer une climatisation en 2025 et vous vous demandez combien cela va r\u00e9ellement vous co\u00fbter ? Entre le prix de l\u2019\u00e9quipement, la main-d\u2019\u0153uvre, les frais cach\u00e9s et les aides financi\u00e8res, difficile d\u2019y voir clair. On vous fait un d\u00e9cryptage du co\u00fbt d\u2019installation d\u2019un climatiseur en France, avec des\u2026","rel":"","context":"Dans &quot;\u00c9conomies et \u00e9cologie&quot;","block_context":{"text":"\u00c9conomies et \u00e9cologie","link":"https:\/\/www.discountetqualite.fr\/blog\/nos-conseils\/conseils-economies-ecologie\/"},"img":{"alt_text":"Combien coute l'installation d'un climatiseur","src":"https:\/\/i0.wp.com\/www.discountetqualite.fr\/blog\/wp-content\/uploads\/2025\/06\/Combien-coute-linstallation-dun-climatiseur.jpg?resize=350%2C200&ssl=1","width":350,"height":200,"srcset":"https:\/\/i0.wp.com\/www.discountetqualite.fr\/blog\/wp-content\/uploads\/2025\/06\/Combien-coute-linstallation-dun-climatiseur.jpg?resize=350%2C200&ssl=1 1x, https:\/\/i0.wp.com\/www.discountetqualite.fr\/blog\/wp-content\/uploads\/2025\/06\/Combien-coute-linstallation-dun-climatiseur.jpg?resize=525%2C300&ssl=1 1.5x, https:\/\/i0.wp.com\/www.discountetqualite.fr\/blog\/wp-content\/uploads\/2025\/06\/Combien-coute-linstallation-dun-climatiseur.jpg?resize=700%2C400&ssl=1 2x, https:\/\/i0.wp.com\/www.discountetqualite.fr\/blog\/wp-content\/uploads\/2025\/06\/Combien-coute-linstallation-dun-climatiseur.jpg?resize=1050%2C600&ssl=1 3x"},"classes":[]},{"id":14024,"url":"https:\/\/www.discountetqualite.fr\/blog\/nos-conseils\/quel-climatiseur-choisir-chambre\/","url_meta":{"origin":14022,"position":4},"title":"Quel climatiseur choisir pour une chambre ?","author":"Vincent Pillet","date":"24 avril 2026","format":false,"excerpt":"Les nuits d'\u00e9t\u00e9 \u00e9touffantes ruinent votre sommeil ? Vous n'\u00eates pas seul. Trouver la bonne solution de rafra\u00eechissement est essentiel, mais quel climatiseur choisir pour une chambre sans \u00eatre r\u00e9veill\u00e9 par un moteur bruyant ou faire exploser votre facture d'\u00e9lectricit\u00e9 ? Entre les climatiseurs mobiles souvent trop sonores et les\u2026","rel":"","context":"Dans &quot;\u00c9conomies et \u00e9cologie&quot;","block_context":{"text":"\u00c9conomies et \u00e9cologie","link":"https:\/\/www.discountetqualite.fr\/blog\/nos-conseils\/conseils-economies-ecologie\/"},"img":{"alt_text":"Quel climatiseur choisir pour une chambre : exemple d'une unit\u00e9 murale split design install\u00e9e dans une suite parentale moderne.","src":"https:\/\/i0.wp.com\/www.discountetqualite.fr\/blog\/wp-content\/uploads\/2026\/04\/quel-climatiseur-choisir-chambre.jpg?resize=350%2C200&ssl=1","width":350,"height":200,"srcset":"https:\/\/i0.wp.com\/www.discountetqualite.fr\/blog\/wp-content\/uploads\/2026\/04\/quel-climatiseur-choisir-chambre.jpg?resize=350%2C200&ssl=1 1x, https:\/\/i0.wp.com\/www.discountetqualite.fr\/blog\/wp-content\/uploads\/2026\/04\/quel-climatiseur-choisir-chambre.jpg?resize=525%2C300&ssl=1 1.5x, https:\/\/i0.wp.com\/www.discountetqualite.fr\/blog\/wp-content\/uploads\/2026\/04\/quel-climatiseur-choisir-chambre.jpg?resize=700%2C400&ssl=1 2x, https:\/\/i0.wp.com\/www.discountetqualite.fr\/blog\/wp-content\/uploads\/2026\/04\/quel-climatiseur-choisir-chambre.jpg?resize=1050%2C600&ssl=1 3x"},"classes":[]},{"id":13986,"url":"https:\/\/www.discountetqualite.fr\/blog\/nos-conseils\/nettoyer-climatiseur-mural\/","url_meta":{"origin":14022,"position":5},"title":"Comment nettoyer un climatiseur mural soi-m\u00eame : le guide complet","author":"Vincent Pillet","date":"13 avril 2026","format":false,"excerpt":"Vous vous demandez comment nettoyer un climatiseur mural pour garantir la long\u00e9vit\u00e9 de votre installation ? Entretenir r\u00e9guli\u00e8rement son appareil est le seul moyen d'\u00e9viter les pannes co\u00fbteuses et de respirer un air sain. Que vous soyez locataire ou propri\u00e9taire, ce geste simple permet de r\u00e9duire votre facture d'\u00e9lectricit\u00e9 tout\u2026","rel":"","context":"Dans &quot;Bricolage&quot;","block_context":{"text":"Bricolage","link":"https:\/\/www.discountetqualite.fr\/blog\/nos-conseils\/conseils-brico\/"},"img":{"alt_text":"Installateur professionnel fixant une unit\u00e9 int\u00e9rieure de climatisation r\u00e9versible sur un mur blanc dans une maison.","src":"https:\/\/i0.wp.com\/www.discountetqualite.fr\/blog\/wp-content\/uploads\/2026\/04\/comment-nettoyer-climatiseur-mural.jpg?resize=350%2C200&ssl=1","width":350,"height":200,"srcset":"https:\/\/i0.wp.com\/www.discountetqualite.fr\/blog\/wp-content\/uploads\/2026\/04\/comment-nettoyer-climatiseur-mural.jpg?resize=350%2C200&ssl=1 1x, https:\/\/i0.wp.com\/www.discountetqualite.fr\/blog\/wp-content\/uploads\/2026\/04\/comment-nettoyer-climatiseur-mural.jpg?resize=525%2C300&ssl=1 1.5x, https:\/\/i0.wp.com\/www.discountetqualite.fr\/blog\/wp-content\/uploads\/2026\/04\/comment-nettoyer-climatiseur-mural.jpg?resize=700%2C400&ssl=1 2x, https:\/\/i0.wp.com\/www.discountetqualite.fr\/blog\/wp-content\/uploads\/2026\/04\/comment-nettoyer-climatiseur-mural.jpg?resize=1050%2C600&ssl=1 3x"},"classes":[]}],"jetpack_sharing_enabled":true,"_links":{"self":[{"href":"https:\/\/www.discountetqualite.fr\/blog\/wp-json\/wp\/v2\/posts\/14022","targetHints":{"allow":["GET"]}}],"collection":[{"href":"https:\/\/www.discountetqualite.fr\/blog\/wp-json\/wp\/v2\/posts"}],"about":[{"href":"https:\/\/www.discountetqualite.fr\/blog\/wp-json\/wp\/v2\/types\/post"}],"author":[{"embeddable":true,"href":"https:\/\/www.discountetqualite.fr\/blog\/wp-json\/wp\/v2\/users\/2"}],"replies":[{"embeddable":true,"href":"https:\/\/www.discountetqualite.fr\/blog\/wp-json\/wp\/v2\/comments?post=14022"}],"version-history":[{"count":4,"href":"https:\/\/www.discountetqualite.fr\/blog\/wp-json\/wp\/v2\/posts\/14022\/revisions"}],"predecessor-version":[{"id":14047,"href":"https:\/\/www.discountetqualite.fr\/blog\/wp-json\/wp\/v2\/posts\/14022\/revisions\/14047"}],"wp:featuredmedia":[{"embeddable":true,"href":"https:\/\/www.discountetqualite.fr\/blog\/wp-json\/wp\/v2\/media\/14033"}],"wp:attachment":[{"href":"https:\/\/www.discountetqualite.fr\/blog\/wp-json\/wp\/v2\/media?parent=14022"}],"wp:term":[{"taxonomy":"category","embeddable":true,"href":"https:\/\/www.discountetqualite.fr\/blog\/wp-json\/wp\/v2\/categories?post=14022"},{"taxonomy":"post_tag","embeddable":true,"href":"https:\/\/www.discountetqualite.fr\/blog\/wp-json\/wp\/v2\/tags?post=14022"}],"curies":[{"name":"wp","href":"https:\/\/api.w.org\/{rel}","templated":true}]}}